{"id":48295,"date":"2026-03-13T18:51:27","date_gmt":"2026-03-13T21:51:27","guid":{"rendered":"http:\/\/www.rtvnoticias.com.ar\/?p=48295"},"modified":"2026-03-13T18:51:33","modified_gmt":"2026-03-13T21:51:33","slug":"cordoba-policia-muerto-en-un-robo","status":"publish","type":"post","link":"http:\/\/www.rtvnoticias.com.ar\/?p=48295","title":{"rendered":"C\u00f3rdoba: Polic\u00eda muerto en un robo"},"content":{"rendered":"\n<p>La inseguridad volvi\u00f3 a golpear de la peor forma en la ciudad de C\u00f3rdoba. En Villa Belgrano, un barrio en el que los vecinos aseguran vivir atosigados por robos de todo tipo, y cuando buena parte de la Polic\u00eda estaba abocada a cubrir el partido ente Talleres e Instituto, en el Kempes, se produjo un asalto que termin\u00f3 de la peor forma: un polic\u00eda asesinado de un balazo, un vecino acusado de un error irreversible y dos delincuentes que lograron escapar tras someter a una familia.<\/p>\n\n\n\n<p>Luis Alejandro Az\u00e1bal era sargento e instructor de defensa personal. Ten\u00eda 56 a\u00f1os y en julio pr\u00f3ximo iba a pasar a retiro. Se jubilaba tras 30 a\u00f1os de servicio.<\/p>\n\n\n\n<p>El jueves, cerca de las 21, una llamada al 911 avis\u00f3 sobre un supuesto asalto en un domicilio de Nepper al 5500. Alguien hab\u00eda activado la alarma comunitaria tras advertir movimientos sospechosos.<\/p>\n\n\n\n<p>Seg\u00fan investiga la Justicia, al menos dos delincuentes se hab\u00edan colado en esa vivienda, donde estaba un matrimonio. Con un cuchillo, los ladrones redujeron a la pareja y comenzaron a exigir una fuerte suma de dinero.<\/p>\n\n\n\n<p>Al parecer, maniataron a las v\u00edctimas y alcanzaron a tomar mil d\u00f3lares y otros objetos de valor, cuando escucharon que por el frente de la vivienda alguien se acercaba.<\/p>\n\n\n\n<p>Ante esto, corrieron hasta el patio, treparon por el techo y terminaron por descolgarse en la esquina. Hasta ahora no han sido detenidos ni identificados.<\/p>\n\n\n\n<p>A todos esto, el due\u00f1o de casa, Paolo Zambelli (39), un empresario dedicado al rubro tecnol\u00f3gico, quien practica tiro deportivo por hobby, logr\u00f3 desatarse, subi\u00f3 a la planta alta de la vivienda y tom\u00f3 una pistola nueve mil\u00edmetros.<\/p>\n\n\n\n<p>Jam\u00e1s pens\u00f3 que esos ruidos en la puerta de su casa era de polic\u00edas que hab\u00edan llegado en auxilio. Siempre seg\u00fan se ha reconstruido hasta ahora, Zambelli se habr\u00eda asomado desde la parte superior de la casa y dispar\u00f3 hacia lo que \u00e9l consideraba que eran los delincuentes, pero que en realidad eran los polic\u00edas.<\/p>\n\n\n\n<p>Uno de los balazos le ingres\u00f3 por la clav\u00edcula al sargento Az\u00e1bal, justo encima del chaleco antibalas que ten\u00eda colocado.<\/p>\n\n\n\n<p>El proyectil continu\u00f3 en l\u00ednea descendiente hasta impactar en el coraz\u00f3n. Alcanz\u00f3 a ser ingresado de urgencias en un sanatorio ubicado a pocas cuadras de all\u00ed, donde hizo cinco paros card\u00edacos en la mesa de cirug\u00eda. Del \u00faltimo ya no sali\u00f3.<\/p>\n\n\n\n<p>Pese a que a\u00f1os atr\u00e1s Az\u00e1bal hab\u00eda sido reprendido en un juicio federal, ya que habr\u00eda mentido al contar c\u00f3mo hab\u00edan detenido a un sospechoso de falsificar documentos, continu\u00f3 trabajando dentro de la fuerza. Al \u201cBicho\u201d, como lo conoc\u00edan sus camaradas, todos lo valoraban puertas adentro.<\/p>\n\n\n\n<p>\u201cA pocos meses de jubilarse, no titube\u00f3 en meterse en esa casa e ir a buscar a los ladrones\u201d, apuntal\u00f3 un jefe policial.<\/p>\n\n\n\n<p>\u201cFue una tragedia: el due\u00f1o de casa jam\u00e1s se imagin\u00f3 que eran polic\u00edas. Estaba sacado por el robo que acababan de sufrir. No les dio tiempo a nada, les dispar\u00f3 y despu\u00e9s se dio cuenta. Por ahora est\u00e1 preso, pero la verdad que es un caso dif\u00edcil de entender\u201d, indic\u00f3 otro jefe.<\/p>\n\n\n\n<p>La causa qued\u00f3 radicada en la fiscal\u00eda de Jorgelina Gutiez. Pero como la fiscal est\u00e1 de licencia, quien firma los expedientes es el fiscal V\u00edctor Chiapero. El mismo jueves a la noche, Chiapero orden\u00f3 detener a Zambelli, a quien imput\u00f3 del delito de \u201chomicidio agravado por el uso de arma de fuego\u201d. Luego, cerca del mediod\u00eda de este viernes se orden\u00f3 su liberaci\u00f3n.<\/p>\n\n\n\n<p>Seg\u00fan comunic\u00f3 la fiscal\u00eda en el sitio oficial del Ministerio P\u00fablico Fiscal de C\u00f3rdoba, a Zambelli tambi\u00e9n se lo acus\u00f3 por \u00abtenencia ilegal de arma de guerra\u00bb: en el domicilio se secuestraron tres armas de fuego (dos de pu\u00f1o y una escopeta) que no tendr\u00eda declaradas.<\/p>\n\n\n\n<p>Por protocolo, tambi\u00e9n se secuestr\u00f3 el arma del personal policial fallecido.<\/p>\n\n\n\n<p>La figura penal de homicidio agravado contempla una escala de ocho a 25 a\u00f1os de prisi\u00f3n. Se descuenta que su defensora, M\u00f3nica Picco, insistir\u00e1 en diversos atenuantes, entre los que sobresale la emoci\u00f3n violenta.<\/p>\n\n\n\n<p>Fuente: Cadena3<\/p>\n<div class=\"sharedaddy sd-sharing-enabled\"><div class=\"robots-nocontent sd-block sd-social sd-social-icon sd-sharing\"><h3 class=\"sd-title\">Comparte esto:<\/h3><div class=\"sd-content\"><ul><li class=\"share-twitter\"><a rel=\"nofollow noopener noreferrer\" data-shared=\"sharing-twitter-48295\" class=\"share-twitter sd-button share-icon no-text\" href=\"http:\/\/www.rtvnoticias.com.ar\/?p=48295&amp;share=twitter\" target=\"_blank\" title=\"Haz clic para compartir en Twitter\"><span><\/span><span class=\"sharing-screen-reader-text\">Haz clic para compartir en Twitter (Se abre en una ventana nueva)<\/span><\/a><\/li><li class=\"share-facebook\"><a rel=\"nofollow noopener noreferrer\" data-shared=\"sharing-facebook-48295\" class=\"share-facebook sd-button share-icon no-text\" href=\"http:\/\/www.rtvnoticias.com.ar\/?p=48295&amp;share=facebook\" target=\"_blank\" title=\"Haz clic para compartir en Facebook\"><span><\/span><span class=\"sharing-screen-reader-text\">Haz clic para compartir en Facebook (Se abre en una ventana nueva)<\/span><\/a><\/li><li class=\"share-jetpack-whatsapp\"><a rel=\"nofollow noopener noreferrer\" data-shared=\"\" class=\"share-jetpack-whatsapp sd-button share-icon no-text\" href=\"http:\/\/www.rtvnoticias.com.ar\/?p=48295&amp;share=jetpack-whatsapp\" target=\"_blank\" title=\"Haz clic para compartir en WhatsApp\"><span><\/span><span class=\"sharing-screen-reader-text\">Haz clic para compartir en WhatsApp (Se abre en una ventana nueva)<\/span><\/a><\/li><li class=\"share-telegram\"><a rel=\"nofollow noopener noreferrer\" data-shared=\"\" class=\"share-telegram sd-button share-icon no-text\" href=\"http:\/\/www.rtvnoticias.com.ar\/?p=48295&amp;share=telegram\" target=\"_blank\" title=\"Haz clic para compartir en Telegram\"><span><\/span><span class=\"sharing-screen-reader-text\">Haz clic para compartir en Telegram (Se abre en una ventana nueva)<\/span><\/a><\/li><li class=\"share-end\"><\/li><\/ul><\/div><\/div><\/div>","protected":false},"excerpt":{"rendered":"<p>La inseguridad volvi\u00f3 a golpear de la peor forma en la ciudad de C\u00f3rdoba. En Villa Belgrano, un barrio en el que los vecinos aseguran<\/p>\n<div class=\"sharedaddy sd-sharing-enabled\"><div class=\"robots-nocontent sd-block sd-social sd-social-icon sd-sharing\"><h3 class=\"sd-title\">Comparte esto:<\/h3><div class=\"sd-content\"><ul><li class=\"share-twitter\"><a rel=\"nofollow noopener noreferrer\" data-shared=\"sharing-twitter-48295\" class=\"share-twitter sd-button share-icon no-text\" href=\"http:\/\/www.rtvnoticias.com.ar\/?p=48295&amp;share=twitter\" target=\"_blank\" title=\"Haz clic para compartir en Twitter\"><span><\/span><span class=\"sharing-screen-reader-text\">Haz clic para compartir en Twitter (Se abre en una ventana nueva)<\/span><\/a><\/li><li class=\"share-facebook\"><a rel=\"nofollow noopener noreferrer\" data-shared=\"sharing-facebook-48295\" class=\"share-facebook sd-button share-icon no-text\" href=\"http:\/\/www.rtvnoticias.com.ar\/?p=48295&amp;share=facebook\" target=\"_blank\" title=\"Haz clic para compartir en Facebook\"><span><\/span><span class=\"sharing-screen-reader-text\">Haz clic para compartir en Facebook (Se abre en una ventana nueva)<\/span><\/a><\/li><li class=\"share-jetpack-whatsapp\"><a rel=\"nofollow noopener noreferrer\" data-shared=\"\" class=\"share-jetpack-whatsapp sd-button share-icon no-text\" href=\"http:\/\/www.rtvnoticias.com.ar\/?p=48295&amp;share=jetpack-whatsapp\" target=\"_blank\" title=\"Haz clic para compartir en WhatsApp\"><span><\/span><span class=\"sharing-screen-reader-text\">Haz clic para compartir en WhatsApp (Se abre en una ventana nueva)<\/span><\/a><\/li><li class=\"share-telegram\"><a rel=\"nofollow noopener noreferrer\" data-shared=\"\" class=\"share-telegram sd-button share-icon no-text\" href=\"http:\/\/www.rtvnoticias.com.ar\/?p=48295&amp;share=telegram\" target=\"_blank\" title=\"Haz clic para compartir en Telegram\"><span><\/span><span class=\"sharing-screen-reader-text\">Haz clic para compartir en Telegram (Se abre en una ventana nueva)<\/span><\/a><\/li><li class=\"share-end\"><\/li><\/ul><\/div><\/div><\/div>","protected":false},"author":5,"featured_media":48296,"comment_status":"closed","ping_status":"closed","sticky":false,"template":"","format":"standard","meta":{"spay_email":"","jetpack_publicize_message":"","jetpack_is_tweetstorm":false,"jetpack_publicize_feature_enabled":true},"categories":[5],"tags":[5828],"jetpack_featured_media_url":"http:\/\/www.rtvnoticias.com.ar\/wp-content\/uploads\/2026\/03\/cordoba-asesinato.jpg","jetpack_publicize_connections":[],"jetpack_sharing_enabled":true,"_links":{"self":[{"href":"http:\/\/www.rtvnoticias.com.ar\/index.php?rest_route=\/wp\/v2\/posts\/48295"}],"collection":[{"href":"http:\/\/www.rtvnoticias.com.ar\/index.php?rest_route=\/wp\/v2\/posts"}],"about":[{"href":"http:\/\/www.rtvnoticias.com.ar\/index.php?rest_route=\/wp\/v2\/types\/post"}],"author":[{"embeddable":true,"href":"http:\/\/www.rtvnoticias.com.ar\/index.php?rest_route=\/wp\/v2\/users\/5"}],"replies":[{"embeddable":true,"href":"http:\/\/www.rtvnoticias.com.ar\/index.php?rest_route=%2Fwp%2Fv2%2Fcomments&post=48295"}],"version-history":[{"count":1,"href":"http:\/\/www.rtvnoticias.com.ar\/index.php?rest_route=\/wp\/v2\/posts\/48295\/revisions"}],"predecessor-version":[{"id":48297,"href":"http:\/\/www.rtvnoticias.com.ar\/index.php?rest_route=\/wp\/v2\/posts\/48295\/revisions\/48297"}],"wp:featuredmedia":[{"embeddable":true,"href":"http:\/\/www.rtvnoticias.com.ar\/index.php?rest_route=\/wp\/v2\/media\/48296"}],"wp:attachment":[{"href":"http:\/\/www.rtvnoticias.com.ar\/index.php?rest_route=%2Fwp%2Fv2%2Fmedia&parent=48295"}],"wp:term":[{"taxonomy":"category","embeddable":true,"href":"http:\/\/www.rtvnoticias.com.ar\/index.php?rest_route=%2Fwp%2Fv2%2Fcategories&post=48295"},{"taxonomy":"post_tag","embeddable":true,"href":"http:\/\/www.rtvnoticias.com.ar\/index.php?rest_route=%2Fwp%2Fv2%2Ftags&post=48295"}],"curies":[{"name":"wp","href":"https:\/\/api.w.org\/{rel}","templated":true}]}}