{"id":48301,"date":"2026-03-15T18:40:47","date_gmt":"2026-03-15T21:40:47","guid":{"rendered":"http:\/\/www.rtvnoticias.com.ar\/?p=48301"},"modified":"2026-03-15T18:40:53","modified_gmt":"2026-03-15T21:40:53","slug":"la-pampa-impulso-operaciones-por-100-mil-millones-en-expoagro","status":"publish","type":"post","link":"http:\/\/www.rtvnoticias.com.ar\/?p=48301","title":{"rendered":"La Pampa impuls\u00f3 operaciones por $100 mil millones en Expoagro"},"content":{"rendered":"\n<p>La Pampa, a trav\u00e9s de la participaci\u00f3n del Banco de La Pampa en Expoagro 2026, tuvo resultados destacados para el entramado productivo provincial: se registraron \u00f3rdenes de trabajo por m\u00e1s de $75.000 millones y solicitudes de financiamiento por encima de los $25.000 millones, operaciones que adem\u00e1s estuvieron acompa\u00f1adas por beneficios impositivos dispuestos por el Gobierno provincial, como la exenci\u00f3n de Ingresos Brutos para las ventas realizadas en la muestra y la eliminaci\u00f3n de Ingresos Brutos y Sellos en cr\u00e9ditos productivos otorgados por la entidad.<\/p>\n\n\n\n<p>El Gobierno de La Pampa, a trav\u00e9s del Banco de La Pampa y el Ministerio de la Producci\u00f3n, particip\u00f3 de Expoagro 2026 con un stand institucional junto a 24 industrias pampeanas. La muestra se desarroll\u00f3 del 10 al 13 de marzo en el aut\u00f3dromo de San Nicol\u00e1s, provincia de Buenos Aires, y dej\u00f3 resultados altamente positivos en t\u00e9rminos de ventas y demanda de financiamiento para el sector productivo.<\/p>\n\n\n\n<p>Durante la exposici\u00f3n, el Banco de La Pampa present\u00f3 herramientas financieras orientadas a potenciar la producci\u00f3n y el desarrollo industrial. En ese marco, a trav\u00e9s de la l\u00ednea promocional \u201cCompre Pampeano\u201d, las industrias locales concretaron \u00f3rdenes de trabajo por m\u00e1s de $75.000 millones, destinadas a compradores de distintas provincias del pa\u00eds.<\/p>\n\n\n\n<p>La propuesta incluy\u00f3 una importante bonificaci\u00f3n de tasas de inter\u00e9s de hasta 15 puntos porcentuales, aportada por el Gobierno provincial, que se sum\u00f3 a las condiciones financieras del Banco de La Pampa con tasas iniciales del 23% y 25% y plazos de financiaci\u00f3n de hasta 60 meses. Esta combinaci\u00f3n permiti\u00f3 a las empresas pampeanas ampliar sus ventas y proyectar nuevos niveles de producci\u00f3n.<\/p>\n\n\n\n<p>Adem\u00e1s, se sum\u00f3 la l\u00ednea de cr\u00e9ditos para Compra de Maquinaria Agr\u00edcola, con convenios con m\u00e1s de 60 marcas l\u00edderes del pa\u00eds para financiar bienes de capital con una tasa del 25%. Esta herramienta gener\u00f3 solicitudes de cr\u00e9dito por m\u00e1s de $25.000 millones, orientadas a la renovaci\u00f3n de equipamiento y a la incorporaci\u00f3n de tecnolog\u00eda para mejorar la productividad.<\/p>\n\n\n\n<p>En paralelo, el Banco de La Pampa impuls\u00f3 la \u201cSemana Expoagro\u201d con beneficios para consumos realizados con la Tarjeta Cald\u00e9n Agraria en comercios adheridos, con una tasa del 29%. Tambi\u00e9n se acompa\u00f1aron los remates de hacienda realizados durante la exposici\u00f3n con una tasa promocional del 13% a 180 d\u00edas, que permiti\u00f3 concretar operaciones por m\u00e1s de $1.000 millones.<\/p>\n\n\n\n<p>Cabe se\u00f1alar que, en el marco de Expoagro, el Gobierno provincial dispuso beneficios impositivos para fortalecer la competitividad de las empresas pampeanas. En ese sentido, las ventas realizadas por industrias de la Provincia durante la muestra quedaron exentas del Impuesto sobre los Ingresos Brutos, mientras que los cr\u00e9ditos otorgados por el Banco de La Pampa para inversi\u00f3n productiva no tributan Ingresos Brutos ni el Impuesto de Sellos.<\/p>\n\n\n\n<p>Desde la entidad destacaron que la gran concurrencia de p\u00fablico, las operaciones concretadas durante la muestra y las solicitudes de financiamiento registradas reflejan el impacto positivo de la propuesta pampeana en Expoagro. Los resultados alcanzados permitir\u00e1n sostener \u00f3rdenes de trabajo, dinamizar el consumo y fortalecer la producci\u00f3n industrial de la Provincia, contribuyendo a la generaci\u00f3n de empleo y al crecimiento del entramado productivo pampeano.<\/p>\n<div class=\"sharedaddy sd-sharing-enabled\"><div class=\"robots-nocontent sd-block sd-social sd-social-icon sd-sharing\"><h3 class=\"sd-title\">Comparte esto:<\/h3><div class=\"sd-content\"><ul><li class=\"share-twitter\"><a rel=\"nofollow noopener noreferrer\" data-shared=\"sharing-twitter-48301\" class=\"share-twitter sd-button share-icon no-text\" href=\"http:\/\/www.rtvnoticias.com.ar\/?p=48301&amp;share=twitter\" target=\"_blank\" title=\"Haz clic para compartir en Twitter\"><span><\/span><span class=\"sharing-screen-reader-text\">Haz clic para compartir en Twitter (Se abre en una ventana nueva)<\/span><\/a><\/li><li class=\"share-facebook\"><a rel=\"nofollow noopener noreferrer\" data-shared=\"sharing-facebook-48301\" class=\"share-facebook sd-button share-icon no-text\" href=\"http:\/\/www.rtvnoticias.com.ar\/?p=48301&amp;share=facebook\" target=\"_blank\" title=\"Haz clic para compartir en Facebook\"><span><\/span><span class=\"sharing-screen-reader-text\">Haz clic para compartir en Facebook (Se abre en una ventana nueva)<\/span><\/a><\/li><li class=\"share-jetpack-whatsapp\"><a rel=\"nofollow noopener noreferrer\" data-shared=\"\" class=\"share-jetpack-whatsapp sd-button share-icon no-text\" href=\"http:\/\/www.rtvnoticias.com.ar\/?p=48301&amp;share=jetpack-whatsapp\" target=\"_blank\" title=\"Haz clic para compartir en WhatsApp\"><span><\/span><span class=\"sharing-screen-reader-text\">Haz clic para compartir en WhatsApp (Se abre en una ventana nueva)<\/span><\/a><\/li><li class=\"share-telegram\"><a rel=\"nofollow noopener noreferrer\" data-shared=\"\" class=\"share-telegram sd-button share-icon no-text\" href=\"http:\/\/www.rtvnoticias.com.ar\/?p=48301&amp;share=telegram\" target=\"_blank\" title=\"Haz clic para compartir en Telegram\"><span><\/span><span class=\"sharing-screen-reader-text\">Haz clic para compartir en Telegram (Se abre en una ventana nueva)<\/span><\/a><\/li><li class=\"share-end\"><\/li><\/ul><\/div><\/div><\/div>","protected":false},"excerpt":{"rendered":"<p>La Pampa, a trav\u00e9s de la participaci\u00f3n del Banco de La Pampa en Expoagro 2026, tuvo resultados destacados para el entramado productivo provincial: se registraron<\/p>\n<div class=\"sharedaddy sd-sharing-enabled\"><div class=\"robots-nocontent sd-block sd-social sd-social-icon sd-sharing\"><h3 class=\"sd-title\">Comparte esto:<\/h3><div class=\"sd-content\"><ul><li class=\"share-twitter\"><a rel=\"nofollow noopener noreferrer\" data-shared=\"sharing-twitter-48301\" class=\"share-twitter sd-button share-icon no-text\" href=\"http:\/\/www.rtvnoticias.com.ar\/?p=48301&amp;share=twitter\" target=\"_blank\" title=\"Haz clic para compartir en Twitter\"><span><\/span><span class=\"sharing-screen-reader-text\">Haz clic para compartir en Twitter (Se abre en una ventana nueva)<\/span><\/a><\/li><li class=\"share-facebook\"><a rel=\"nofollow noopener noreferrer\" data-shared=\"sharing-facebook-48301\" class=\"share-facebook sd-button share-icon no-text\" href=\"http:\/\/www.rtvnoticias.com.ar\/?p=48301&amp;share=facebook\" target=\"_blank\" title=\"Haz clic para compartir en Facebook\"><span><\/span><span class=\"sharing-screen-reader-text\">Haz clic para compartir en Facebook (Se abre en una ventana nueva)<\/span><\/a><\/li><li class=\"share-jetpack-whatsapp\"><a rel=\"nofollow noopener noreferrer\" data-shared=\"\" class=\"share-jetpack-whatsapp sd-button share-icon no-text\" href=\"http:\/\/www.rtvnoticias.com.ar\/?p=48301&amp;share=jetpack-whatsapp\" target=\"_blank\" title=\"Haz clic para compartir en WhatsApp\"><span><\/span><span class=\"sharing-screen-reader-text\">Haz clic para compartir en WhatsApp (Se abre en una ventana nueva)<\/span><\/a><\/li><li class=\"share-telegram\"><a rel=\"nofollow noopener noreferrer\" data-shared=\"\" class=\"share-telegram sd-button share-icon no-text\" href=\"http:\/\/www.rtvnoticias.com.ar\/?p=48301&amp;share=telegram\" target=\"_blank\" title=\"Haz clic para compartir en Telegram\"><span><\/span><span class=\"sharing-screen-reader-text\">Haz clic para compartir en Telegram (Se abre en una ventana nueva)<\/span><\/a><\/li><li class=\"share-end\"><\/li><\/ul><\/div><\/div><\/div>","protected":false},"author":5,"featured_media":48302,"comment_status":"closed","ping_status":"closed","sticky":false,"template":"","format":"standard","meta":{"spay_email":"","jetpack_publicize_message":"","jetpack_is_tweetstorm":false,"jetpack_publicize_feature_enabled":true},"categories":[5],"tags":[5830],"jetpack_featured_media_url":"http:\/\/www.rtvnoticias.com.ar\/wp-content\/uploads\/2026\/03\/expoagro-blp.jpg","jetpack_publicize_connections":[],"jetpack_sharing_enabled":true,"_links":{"self":[{"href":"http:\/\/www.rtvnoticias.com.ar\/index.php?rest_route=\/wp\/v2\/posts\/48301"}],"collection":[{"href":"http:\/\/www.rtvnoticias.com.ar\/index.php?rest_route=\/wp\/v2\/posts"}],"about":[{"href":"http:\/\/www.rtvnoticias.com.ar\/index.php?rest_route=\/wp\/v2\/types\/post"}],"author":[{"embeddable":true,"href":"http:\/\/www.rtvnoticias.com.ar\/index.php?rest_route=\/wp\/v2\/users\/5"}],"replies":[{"embeddable":true,"href":"http:\/\/www.rtvnoticias.com.ar\/index.php?rest_route=%2Fwp%2Fv2%2Fcomments&post=48301"}],"version-history":[{"count":1,"href":"http:\/\/www.rtvnoticias.com.ar\/index.php?rest_route=\/wp\/v2\/posts\/48301\/revisions"}],"predecessor-version":[{"id":48303,"href":"http:\/\/www.rtvnoticias.com.ar\/index.php?rest_route=\/wp\/v2\/posts\/48301\/revisions\/48303"}],"wp:featuredmedia":[{"embeddable":true,"href":"http:\/\/www.rtvnoticias.com.ar\/index.php?rest_route=\/wp\/v2\/media\/48302"}],"wp:attachment":[{"href":"http:\/\/www.rtvnoticias.com.ar\/index.php?rest_route=%2Fwp%2Fv2%2Fmedia&parent=48301"}],"wp:term":[{"taxonomy":"category","embeddable":true,"href":"http:\/\/www.rtvnoticias.com.ar\/index.php?rest_route=%2Fwp%2Fv2%2Fcategories&post=48301"},{"taxonomy":"post_tag","embeddable":true,"href":"http:\/\/www.rtvnoticias.com.ar\/index.php?rest_route=%2Fwp%2Fv2%2Ftags&post=48301"}],"curies":[{"name":"wp","href":"https:\/\/api.w.org\/{rel}","templated":true}]}}