{"id":48307,"date":"2026-03-16T07:17:00","date_gmt":"2026-03-16T10:17:00","guid":{"rendered":"http:\/\/www.rtvnoticias.com.ar\/?p=48307"},"modified":"2026-03-15T19:48:33","modified_gmt":"2026-03-15T22:48:33","slug":"docentes-universitarios-comienzan-una-semana-de-paro","status":"publish","type":"post","link":"http:\/\/www.rtvnoticias.com.ar\/?p=48307","title":{"rendered":"Docentes universitarios comienzan una semana de paro"},"content":{"rendered":"\n<p>La Federaci\u00f3n Nacional de Docentes Universitarios (Conadu) resolvi\u00f3 un plan de paros progresivos para todo el semestre, en reclamo del cumplimiento de la Ley de Financiamiento Universitario y para exigir que el Gobierno nacional convoque de manera \u201curgente\u201d a paritarias.<\/p>\n\n\n\n<p>La primera medida de fuerza comenzar\u00e1\u00a0este lunes 15 y se extender\u00e1 hasta el viernes 20.  Tambi\u00e9n el gremio adelant\u00f3 que habr\u00e1\u00a0nuevas medidas de protesta durante las semanas del 20 de marzo y del 27 de abril, junto con la convocatoria a una\u00a0Marcha Federal Universitaria prevista para el 23 de abril.<\/p>\n\n\n\n<p>En la\u00a0Universidad Nacional de La Pampa (UNLPam)\u00a0se espera\u00a0una alta adhesi\u00f3n\u00a0a la medida. El paro es impulsado por la\u00a0Asociaci\u00f3n de Docentes Universitarios (ADU)\u00a0y cuenta con el acompa\u00f1amiento de la\u00a0Asociaci\u00f3n del Personal de la Universidad Nacional de La Pampa (Apulp).<\/p>\n\n\n\n<p>Los gremios sostienen que los\u00a0salarios docentes registran una p\u00e9rdida del 34% en t\u00e9rminos reales desde noviembre de 2023. Adem\u00e1s, advirtieron que el\u00a0presupuesto universitario cay\u00f3 un 28,9% entre 2023 y 2025, lo que impacta en el funcionamiento de las casas de estudio.<\/p>\n\n\n\n<p>En ese contexto, cuestionaron una\u00a0iniciativa oficial que propone aumentos salariales escalonados del 4,1% en tres tramos, elimina la recomposici\u00f3n correspondiente al per\u00edodo\u00a02023-2024\u00a0y\u00a0suprime la garant\u00eda de actualizaci\u00f3n autom\u00e1tica seg\u00fan la inflaci\u00f3n del Indec.<\/p>\n\n\n\n<p>El rector de la Universidad Nacional de La Pampa (UNLPam) y presidente del Consejo Interuniversitario Nacional,<strong>\u00a0<\/strong>Oscar Alpa, adelant\u00f3 p\u00fablicamente que el\u00a0sistema universitario p\u00fablico\u00a0se encamina a un a\u00f1o de\u00a0fuerte conflicto debido a la falta de cumplimiento de la ley de financiamiento universitario, la ausencia de paritarias y la ca\u00edda del poder adquisitivo de docentes y no docentes.<\/p>\n\n\n\n<p>Por tal raz\u00f3n se aguarda una medida que podr\u00eda tener un alto acatamiento seg\u00fan mencionaron docentes universitarios pampeanos.<\/p>\n<div class=\"sharedaddy sd-sharing-enabled\"><div class=\"robots-nocontent sd-block sd-social sd-social-icon sd-sharing\"><h3 class=\"sd-title\">Comparte esto:<\/h3><div class=\"sd-content\"><ul><li class=\"share-twitter\"><a rel=\"nofollow noopener noreferrer\" data-shared=\"sharing-twitter-48307\" class=\"share-twitter sd-button share-icon no-text\" href=\"http:\/\/www.rtvnoticias.com.ar\/?p=48307&amp;share=twitter\" target=\"_blank\" title=\"Haz clic para compartir en Twitter\"><span><\/span><span class=\"sharing-screen-reader-text\">Haz clic para compartir en Twitter (Se abre en una ventana nueva)<\/span><\/a><\/li><li class=\"share-facebook\"><a rel=\"nofollow noopener noreferrer\" data-shared=\"sharing-facebook-48307\" class=\"share-facebook sd-button share-icon no-text\" href=\"http:\/\/www.rtvnoticias.com.ar\/?p=48307&amp;share=facebook\" target=\"_blank\" title=\"Haz clic para compartir en Facebook\"><span><\/span><span class=\"sharing-screen-reader-text\">Haz clic para compartir en Facebook (Se abre en una ventana nueva)<\/span><\/a><\/li><li class=\"share-jetpack-whatsapp\"><a rel=\"nofollow noopener noreferrer\" data-shared=\"\" class=\"share-jetpack-whatsapp sd-button share-icon no-text\" href=\"http:\/\/www.rtvnoticias.com.ar\/?p=48307&amp;share=jetpack-whatsapp\" target=\"_blank\" title=\"Haz clic para compartir en WhatsApp\"><span><\/span><span class=\"sharing-screen-reader-text\">Haz clic para compartir en WhatsApp (Se abre en una ventana nueva)<\/span><\/a><\/li><li class=\"share-telegram\"><a rel=\"nofollow noopener noreferrer\" data-shared=\"\" class=\"share-telegram sd-button share-icon no-text\" href=\"http:\/\/www.rtvnoticias.com.ar\/?p=48307&amp;share=telegram\" target=\"_blank\" title=\"Haz clic para compartir en Telegram\"><span><\/span><span class=\"sharing-screen-reader-text\">Haz clic para compartir en Telegram (Se abre en una ventana nueva)<\/span><\/a><\/li><li class=\"share-end\"><\/li><\/ul><\/div><\/div><\/div>","protected":false},"excerpt":{"rendered":"<p>La Federaci\u00f3n Nacional de Docentes Universitarios (Conadu) resolvi\u00f3 un plan de paros progresivos para todo el semestre, en reclamo del cumplimiento de la Ley de<\/p>\n<div class=\"sharedaddy sd-sharing-enabled\"><div class=\"robots-nocontent sd-block sd-social sd-social-icon sd-sharing\"><h3 class=\"sd-title\">Comparte esto:<\/h3><div class=\"sd-content\"><ul><li class=\"share-twitter\"><a rel=\"nofollow noopener noreferrer\" data-shared=\"sharing-twitter-48307\" class=\"share-twitter sd-button share-icon no-text\" href=\"http:\/\/www.rtvnoticias.com.ar\/?p=48307&amp;share=twitter\" target=\"_blank\" title=\"Haz clic para compartir en Twitter\"><span><\/span><span class=\"sharing-screen-reader-text\">Haz clic para compartir en Twitter (Se abre en una ventana nueva)<\/span><\/a><\/li><li class=\"share-facebook\"><a rel=\"nofollow noopener noreferrer\" data-shared=\"sharing-facebook-48307\" class=\"share-facebook sd-button share-icon no-text\" href=\"http:\/\/www.rtvnoticias.com.ar\/?p=48307&amp;share=facebook\" target=\"_blank\" title=\"Haz clic para compartir en Facebook\"><span><\/span><span class=\"sharing-screen-reader-text\">Haz clic para compartir en Facebook (Se abre en una ventana nueva)<\/span><\/a><\/li><li class=\"share-jetpack-whatsapp\"><a rel=\"nofollow noopener noreferrer\" data-shared=\"\" class=\"share-jetpack-whatsapp sd-button share-icon no-text\" href=\"http:\/\/www.rtvnoticias.com.ar\/?p=48307&amp;share=jetpack-whatsapp\" target=\"_blank\" title=\"Haz clic para compartir en WhatsApp\"><span><\/span><span class=\"sharing-screen-reader-text\">Haz clic para compartir en WhatsApp (Se abre en una ventana nueva)<\/span><\/a><\/li><li class=\"share-telegram\"><a rel=\"nofollow noopener noreferrer\" data-shared=\"\" class=\"share-telegram sd-button share-icon no-text\" href=\"http:\/\/www.rtvnoticias.com.ar\/?p=48307&amp;share=telegram\" target=\"_blank\" title=\"Haz clic para compartir en Telegram\"><span><\/span><span class=\"sharing-screen-reader-text\">Haz clic para compartir en Telegram (Se abre en una ventana nueva)<\/span><\/a><\/li><li class=\"share-end\"><\/li><\/ul><\/div><\/div><\/div>","protected":false},"author":5,"featured_media":45073,"comment_status":"closed","ping_status":"closed","sticky":false,"template":"","format":"standard","meta":{"spay_email":"","jetpack_publicize_message":"","jetpack_is_tweetstorm":false,"jetpack_publicize_feature_enabled":true},"categories":[4],"tags":[5832],"jetpack_featured_media_url":"http:\/\/www.rtvnoticias.com.ar\/wp-content\/uploads\/2025\/04\/unlpam_logo_frente-e1773614875882.jpg","jetpack_publicize_connections":[],"jetpack_sharing_enabled":true,"_links":{"self":[{"href":"http:\/\/www.rtvnoticias.com.ar\/index.php?rest_route=\/wp\/v2\/posts\/48307"}],"collection":[{"href":"http:\/\/www.rtvnoticias.com.ar\/index.php?rest_route=\/wp\/v2\/posts"}],"about":[{"href":"http:\/\/www.rtvnoticias.com.ar\/index.php?rest_route=\/wp\/v2\/types\/post"}],"author":[{"embeddable":true,"href":"http:\/\/www.rtvnoticias.com.ar\/index.php?rest_route=\/wp\/v2\/users\/5"}],"replies":[{"embeddable":true,"href":"http:\/\/www.rtvnoticias.com.ar\/index.php?rest_route=%2Fwp%2Fv2%2Fcomments&post=48307"}],"version-history":[{"count":1,"href":"http:\/\/www.rtvnoticias.com.ar\/index.php?rest_route=\/wp\/v2\/posts\/48307\/revisions"}],"predecessor-version":[{"id":48308,"href":"http:\/\/www.rtvnoticias.com.ar\/index.php?rest_route=\/wp\/v2\/posts\/48307\/revisions\/48308"}],"wp:featuredmedia":[{"embeddable":true,"href":"http:\/\/www.rtvnoticias.com.ar\/index.php?rest_route=\/wp\/v2\/media\/45073"}],"wp:attachment":[{"href":"http:\/\/www.rtvnoticias.com.ar\/index.php?rest_route=%2Fwp%2Fv2%2Fmedia&parent=48307"}],"wp:term":[{"taxonomy":"category","embeddable":true,"href":"http:\/\/www.rtvnoticias.com.ar\/index.php?rest_route=%2Fwp%2Fv2%2Fcategories&post=48307"},{"taxonomy":"post_tag","embeddable":true,"href":"http:\/\/www.rtvnoticias.com.ar\/index.php?rest_route=%2Fwp%2Fv2%2Ftags&post=48307"}],"curies":[{"name":"wp","href":"https:\/\/api.w.org\/{rel}","templated":true}]}}