{"id":48313,"date":"2026-03-16T20:09:22","date_gmt":"2026-03-16T23:09:22","guid":{"rendered":"http:\/\/www.rtvnoticias.com.ar\/?p=48313"},"modified":"2026-03-16T20:09:27","modified_gmt":"2026-03-16T23:09:27","slug":"servicio-aereo-de-emergencias-medicas-el-avion-ha-salvado-vidas-dijo-fernanda-alonso","status":"publish","type":"post","link":"http:\/\/www.rtvnoticias.com.ar\/?p=48313","title":{"rendered":"Servicio A\u00e9reo de Emergencias M\u00e9dicas: \u00abEl avi\u00f3n ha salvado vidas\u00bb, dijo Fernanda Alonso"},"content":{"rendered":"\n<p>En el marco de la conmemoraci\u00f3n de los treinta a\u00f1os del Servicio A\u00e9reo de Emergencias M\u00e9dicas, la Municipalidad de General Pico concret\u00f3 este lunes la entrega de 29 convenios a localidades suscriptas al uso del mismo. El acto se concret\u00f3 en el Aero Club piquense, entidad administradora de la aeronave.<\/p>\n\n\n\n<p>Este servicio, \u00fanico en Argentina, lleva tres d\u00e9cadas de compromiso ininterrumpido con la vida, la salud y el bienestar de nuestra comunidad y de toda la regi\u00f3n.<\/p>\n\n\n\n<p>Durante la jornada, el equipo de trabajo que lo conforma brind\u00f3 detalles no solo del avi\u00f3n en cuesti\u00f3n sino de su equipamiento, de cuestiones vinculadas a la contrataci\u00f3n de este valioso recurso, traslados y protocolos m\u00e9dicos.<\/p>\n\n\n\n<p>Seguidamente, se hizo entrega de los convenios suscriptos a intendentes e intendentas de pueblos vecinos.<\/p>\n\n\n\n<p>Para finalizar, hubo un sentido reconocimiento al vicegobernador e intendente, mandatos cumplidos, Luis Alberto Campo, impulsor de esta iniciativa; al primer coordinador m\u00e9dico del SAEM, doctor Carlos Zamora y a Carlos Zuconi y Daniel Paparini, referentes del Aeroclub General Pico.<\/p>\n\n\n\n<p>Vale recordar que esta herramienta se encuentra disponible las 24 horas, los 365 d\u00edas del a\u00f1o para los municipios adheridos, lo que garantiza que cada vecino y vecina tenga acceso a una atenci\u00f3n m\u00e9dica r\u00e1pida, eficiente y de calidad.<\/p>\n\n\n\n<p><strong>Pol\u00edtica p\u00fablica sostenida<\/strong><\/p>\n\n\n\n<p>Fue Fernanda Alonso quien se dirigi\u00f3 a las y los presentes y en su alocuci\u00f3n expres\u00f3: \u201cGracias a las y los colegas por estar ac\u00e1, por su compromiso. Este convenio no es uno m\u00e1s, es darle a las y los ciudadanos la garant\u00eda de que si necesitan la urgencia de un traslado van a contar con una pol\u00edtica p\u00fablica sostenida en el tiempo que va a dar respuesta\u201d.<\/p>\n\n\n\n<p>Luego de destacar la visi\u00f3n oportuna de Luis Alberto Campo, la colaboraci\u00f3n estrat\u00e9gica del Aeroclub local, de las y los representantes de Salud y de detallar la \u00f3ptima organizaci\u00f3n de esta prestaci\u00f3n, la mandataria refiri\u00f3: \u201cFuimos cuatro gestiones locales que no hemos dudado en sostener esto con el acompa\u00f1amiento de cada uno de los municipios del norte pampeano\u201d.<\/p>\n\n\n\n<p>\u201cTodo est\u00e1 dado para su correcta funcionalidad, el avi\u00f3n ha salvado vidas y eso habla de creer realmente que el Estado tiene que estar para ello, porque de otro modo no habr\u00eda quien lo garantizara\u201d, dijo Alonso.<\/p>\n<div class=\"sharedaddy sd-sharing-enabled\"><div class=\"robots-nocontent sd-block sd-social sd-social-icon sd-sharing\"><h3 class=\"sd-title\">Comparte esto:<\/h3><div class=\"sd-content\"><ul><li class=\"share-twitter\"><a rel=\"nofollow noopener noreferrer\" data-shared=\"sharing-twitter-48313\" class=\"share-twitter sd-button share-icon no-text\" href=\"http:\/\/www.rtvnoticias.com.ar\/?p=48313&amp;share=twitter\" target=\"_blank\" title=\"Haz clic para compartir en Twitter\"><span><\/span><span class=\"sharing-screen-reader-text\">Haz clic para compartir en Twitter (Se abre en una ventana nueva)<\/span><\/a><\/li><li class=\"share-facebook\"><a rel=\"nofollow noopener noreferrer\" data-shared=\"sharing-facebook-48313\" class=\"share-facebook sd-button share-icon no-text\" href=\"http:\/\/www.rtvnoticias.com.ar\/?p=48313&amp;share=facebook\" target=\"_blank\" title=\"Haz clic para compartir en Facebook\"><span><\/span><span class=\"sharing-screen-reader-text\">Haz clic para compartir en Facebook (Se abre en una ventana nueva)<\/span><\/a><\/li><li class=\"share-jetpack-whatsapp\"><a rel=\"nofollow noopener noreferrer\" data-shared=\"\" class=\"share-jetpack-whatsapp sd-button share-icon no-text\" href=\"http:\/\/www.rtvnoticias.com.ar\/?p=48313&amp;share=jetpack-whatsapp\" target=\"_blank\" title=\"Haz clic para compartir en WhatsApp\"><span><\/span><span class=\"sharing-screen-reader-text\">Haz clic para compartir en WhatsApp (Se abre en una ventana nueva)<\/span><\/a><\/li><li class=\"share-telegram\"><a rel=\"nofollow noopener noreferrer\" data-shared=\"\" class=\"share-telegram sd-button share-icon no-text\" href=\"http:\/\/www.rtvnoticias.com.ar\/?p=48313&amp;share=telegram\" target=\"_blank\" title=\"Haz clic para compartir en Telegram\"><span><\/span><span class=\"sharing-screen-reader-text\">Haz clic para compartir en Telegram (Se abre en una ventana nueva)<\/span><\/a><\/li><li class=\"share-end\"><\/li><\/ul><\/div><\/div><\/div>","protected":false},"excerpt":{"rendered":"<p>En el marco de la conmemoraci\u00f3n de los treinta a\u00f1os del Servicio A\u00e9reo de Emergencias M\u00e9dicas, la Municipalidad de General Pico concret\u00f3 este lunes la<\/p>\n<div class=\"sharedaddy sd-sharing-enabled\"><div class=\"robots-nocontent sd-block sd-social sd-social-icon sd-sharing\"><h3 class=\"sd-title\">Comparte esto:<\/h3><div class=\"sd-content\"><ul><li class=\"share-twitter\"><a rel=\"nofollow noopener noreferrer\" data-shared=\"sharing-twitter-48313\" class=\"share-twitter sd-button share-icon no-text\" href=\"http:\/\/www.rtvnoticias.com.ar\/?p=48313&amp;share=twitter\" target=\"_blank\" title=\"Haz clic para compartir en Twitter\"><span><\/span><span class=\"sharing-screen-reader-text\">Haz clic para compartir en Twitter (Se abre en una ventana nueva)<\/span><\/a><\/li><li class=\"share-facebook\"><a rel=\"nofollow noopener noreferrer\" data-shared=\"sharing-facebook-48313\" class=\"share-facebook sd-button share-icon no-text\" href=\"http:\/\/www.rtvnoticias.com.ar\/?p=48313&amp;share=facebook\" target=\"_blank\" title=\"Haz clic para compartir en Facebook\"><span><\/span><span class=\"sharing-screen-reader-text\">Haz clic para compartir en Facebook (Se abre en una ventana nueva)<\/span><\/a><\/li><li class=\"share-jetpack-whatsapp\"><a rel=\"nofollow noopener noreferrer\" data-shared=\"\" class=\"share-jetpack-whatsapp sd-button share-icon no-text\" href=\"http:\/\/www.rtvnoticias.com.ar\/?p=48313&amp;share=jetpack-whatsapp\" target=\"_blank\" title=\"Haz clic para compartir en WhatsApp\"><span><\/span><span class=\"sharing-screen-reader-text\">Haz clic para compartir en WhatsApp (Se abre en una ventana nueva)<\/span><\/a><\/li><li class=\"share-telegram\"><a rel=\"nofollow noopener noreferrer\" data-shared=\"\" class=\"share-telegram sd-button share-icon no-text\" href=\"http:\/\/www.rtvnoticias.com.ar\/?p=48313&amp;share=telegram\" target=\"_blank\" title=\"Haz clic para compartir en Telegram\"><span><\/span><span class=\"sharing-screen-reader-text\">Haz clic para compartir en Telegram (Se abre en una ventana nueva)<\/span><\/a><\/li><li class=\"share-end\"><\/li><\/ul><\/div><\/div><\/div>","protected":false},"author":5,"featured_media":48314,"comment_status":"closed","ping_status":"closed","sticky":false,"template":"","format":"standard","meta":{"spay_email":"","jetpack_publicize_message":"","jetpack_is_tweetstorm":false,"jetpack_publicize_feature_enabled":true},"categories":[3],"tags":[5834],"jetpack_featured_media_url":"http:\/\/www.rtvnoticias.com.ar\/wp-content\/uploads\/2026\/03\/avion-2.jpg","jetpack_publicize_connections":[],"jetpack_sharing_enabled":true,"_links":{"self":[{"href":"http:\/\/www.rtvnoticias.com.ar\/index.php?rest_route=\/wp\/v2\/posts\/48313"}],"collection":[{"href":"http:\/\/www.rtvnoticias.com.ar\/index.php?rest_route=\/wp\/v2\/posts"}],"about":[{"href":"http:\/\/www.rtvnoticias.com.ar\/index.php?rest_route=\/wp\/v2\/types\/post"}],"author":[{"embeddable":true,"href":"http:\/\/www.rtvnoticias.com.ar\/index.php?rest_route=\/wp\/v2\/users\/5"}],"replies":[{"embeddable":true,"href":"http:\/\/www.rtvnoticias.com.ar\/index.php?rest_route=%2Fwp%2Fv2%2Fcomments&post=48313"}],"version-history":[{"count":1,"href":"http:\/\/www.rtvnoticias.com.ar\/index.php?rest_route=\/wp\/v2\/posts\/48313\/revisions"}],"predecessor-version":[{"id":48315,"href":"http:\/\/www.rtvnoticias.com.ar\/index.php?rest_route=\/wp\/v2\/posts\/48313\/revisions\/48315"}],"wp:featuredmedia":[{"embeddable":true,"href":"http:\/\/www.rtvnoticias.com.ar\/index.php?rest_route=\/wp\/v2\/media\/48314"}],"wp:attachment":[{"href":"http:\/\/www.rtvnoticias.com.ar\/index.php?rest_route=%2Fwp%2Fv2%2Fmedia&parent=48313"}],"wp:term":[{"taxonomy":"category","embeddable":true,"href":"http:\/\/www.rtvnoticias.com.ar\/index.php?rest_route=%2Fwp%2Fv2%2Fcategories&post=48313"},{"taxonomy":"post_tag","embeddable":true,"href":"http:\/\/www.rtvnoticias.com.ar\/index.php?rest_route=%2Fwp%2Fv2%2Ftags&post=48313"}],"curies":[{"name":"wp","href":"https:\/\/api.w.org\/{rel}","templated":true}]}}