{"id":48319,"date":"2026-03-16T20:27:03","date_gmt":"2026-03-16T23:27:03","guid":{"rendered":"http:\/\/www.rtvnoticias.com.ar\/?p=48319"},"modified":"2026-03-16T20:27:09","modified_gmt":"2026-03-16T23:27:09","slug":"santilli-recibio-a-ziliotto-el-gobernador-reclamo-deuda-previsional-ayuda-por-el-temporal-y-reparacion-de-rutas-nacionales","status":"publish","type":"post","link":"http:\/\/www.rtvnoticias.com.ar\/?p=48319","title":{"rendered":"Santilli recibi\u00f3 a Ziliotto: el Gobernador reclam\u00f3 deuda previsional, ayuda por el temporal y reparaci\u00f3n de rutas nacionales"},"content":{"rendered":"\n<p>El gobernador de La Pampa, Sergio Ziliotto, mantuvo este lunes una nueva reuni\u00f3n con el ministro del Interior de la Naci\u00f3n, Diego Santilli, en la que abordaron distintos temas vinculados a la relaci\u00f3n entre Naci\u00f3n y Provincia.<\/p>\n\n\n\n<p>Durante el encuentro, uno de los ejes fue el d\u00e9ficit previsional, sobre el cual se acord\u00f3 avanzar en auditor\u00edas t\u00e9cnicas para percibir los adelantos correspondientes al d\u00e9ficit 2026.<\/p>\n\n\n\n<p>Adem\u00e1s, el gobernador expuso al ministro Santilli los da\u00f1os ocasionados por el temporal en Santa Rosa y Toay, espec\u00edficamente la situaci\u00f3n de establecimientos educativos y su costo de reparaci\u00f3n.<\/p>\n\n\n\n<p>En ese marco, se reiter\u00f3 el pedido de asistencia mediante Aportes del Tesoro Nacional (ATN) para afrontar dichas tareas y, adem\u00e1s, aportar a Santa Rosa y Toay recursos que les permitan afrontar los da\u00f1os que provoc\u00f3 la tormenta.<\/p>\n\n\n\n<p>En este mismo sentido, y en concordancia con otra nota ya presentada por la vicegobernadora Alicia Mayoral, Ziliotto plante\u00f3 la situaci\u00f3n del radar meteorol\u00f3gico del INTA Anguil y reiter\u00f3 la solicitud de reparaci\u00f3n y puesta en funcionamiento, al considerar que se trata de una herramienta estrat\u00e9gica para el monitoreo clim\u00e1tico y la prevenci\u00f3n de eventos meteorol\u00f3gicos en la regi\u00f3n.<\/p>\n\n\n\n<p>En materia de infraestructura vial, Ziliotto tambi\u00e9n abord\u00f3 la situaci\u00f3n de las rutas nacionales que atraviesan el territorio pampeano. En ese contexto, se propuso avanzar bilateralmente en definir las condiciones de una eventual transferencia.<\/p>\n\n\n\n<p>Cabe recordar que el gobernador plante\u00f3 p\u00fablicamente este esquema el pasado 1 de marzo, durante la apertura de sesiones de la C\u00e1mara de Diputados de La Pampa.<\/p>\n\n\n\n<p>En este sentido, reiter\u00f3 que los recursos que ingresen a la provincia en concepto de obras p\u00fablicas adeudadas por Naci\u00f3n ser\u00e1n destinados a la reparaci\u00f3n de los corredores viales.<\/p>\n<div class=\"sharedaddy sd-sharing-enabled\"><div class=\"robots-nocontent sd-block sd-social sd-social-icon sd-sharing\"><h3 class=\"sd-title\">Comparte esto:<\/h3><div class=\"sd-content\"><ul><li class=\"share-twitter\"><a rel=\"nofollow noopener noreferrer\" data-shared=\"sharing-twitter-48319\" class=\"share-twitter sd-button share-icon no-text\" href=\"http:\/\/www.rtvnoticias.com.ar\/?p=48319&amp;share=twitter\" target=\"_blank\" title=\"Haz clic para compartir en Twitter\"><span><\/span><span class=\"sharing-screen-reader-text\">Haz clic para compartir en Twitter (Se abre en una ventana nueva)<\/span><\/a><\/li><li class=\"share-facebook\"><a rel=\"nofollow noopener noreferrer\" data-shared=\"sharing-facebook-48319\" class=\"share-facebook sd-button share-icon no-text\" href=\"http:\/\/www.rtvnoticias.com.ar\/?p=48319&amp;share=facebook\" target=\"_blank\" title=\"Haz clic para compartir en Facebook\"><span><\/span><span class=\"sharing-screen-reader-text\">Haz clic para compartir en Facebook (Se abre en una ventana nueva)<\/span><\/a><\/li><li class=\"share-jetpack-whatsapp\"><a rel=\"nofollow noopener noreferrer\" data-shared=\"\" class=\"share-jetpack-whatsapp sd-button share-icon no-text\" href=\"http:\/\/www.rtvnoticias.com.ar\/?p=48319&amp;share=jetpack-whatsapp\" target=\"_blank\" title=\"Haz clic para compartir en WhatsApp\"><span><\/span><span class=\"sharing-screen-reader-text\">Haz clic para compartir en WhatsApp (Se abre en una ventana nueva)<\/span><\/a><\/li><li class=\"share-telegram\"><a rel=\"nofollow noopener noreferrer\" data-shared=\"\" class=\"share-telegram sd-button share-icon no-text\" href=\"http:\/\/www.rtvnoticias.com.ar\/?p=48319&amp;share=telegram\" target=\"_blank\" title=\"Haz clic para compartir en Telegram\"><span><\/span><span class=\"sharing-screen-reader-text\">Haz clic para compartir en Telegram (Se abre en una ventana nueva)<\/span><\/a><\/li><li class=\"share-end\"><\/li><\/ul><\/div><\/div><\/div>","protected":false},"excerpt":{"rendered":"<p>El gobernador de La Pampa, Sergio Ziliotto, mantuvo este lunes una nueva reuni\u00f3n con el ministro del Interior de la Naci\u00f3n, Diego Santilli, en la<\/p>\n<div class=\"sharedaddy sd-sharing-enabled\"><div class=\"robots-nocontent sd-block sd-social sd-social-icon sd-sharing\"><h3 class=\"sd-title\">Comparte esto:<\/h3><div class=\"sd-content\"><ul><li class=\"share-twitter\"><a rel=\"nofollow noopener noreferrer\" data-shared=\"sharing-twitter-48319\" class=\"share-twitter sd-button share-icon no-text\" href=\"http:\/\/www.rtvnoticias.com.ar\/?p=48319&amp;share=twitter\" target=\"_blank\" title=\"Haz clic para compartir en Twitter\"><span><\/span><span class=\"sharing-screen-reader-text\">Haz clic para compartir en Twitter (Se abre en una ventana nueva)<\/span><\/a><\/li><li class=\"share-facebook\"><a rel=\"nofollow noopener noreferrer\" data-shared=\"sharing-facebook-48319\" class=\"share-facebook sd-button share-icon no-text\" href=\"http:\/\/www.rtvnoticias.com.ar\/?p=48319&amp;share=facebook\" target=\"_blank\" title=\"Haz clic para compartir en Facebook\"><span><\/span><span class=\"sharing-screen-reader-text\">Haz clic para compartir en Facebook (Se abre en una ventana nueva)<\/span><\/a><\/li><li class=\"share-jetpack-whatsapp\"><a rel=\"nofollow noopener noreferrer\" data-shared=\"\" class=\"share-jetpack-whatsapp sd-button share-icon no-text\" href=\"http:\/\/www.rtvnoticias.com.ar\/?p=48319&amp;share=jetpack-whatsapp\" target=\"_blank\" title=\"Haz clic para compartir en WhatsApp\"><span><\/span><span class=\"sharing-screen-reader-text\">Haz clic para compartir en WhatsApp (Se abre en una ventana nueva)<\/span><\/a><\/li><li class=\"share-telegram\"><a rel=\"nofollow noopener noreferrer\" data-shared=\"\" class=\"share-telegram sd-button share-icon no-text\" href=\"http:\/\/www.rtvnoticias.com.ar\/?p=48319&amp;share=telegram\" target=\"_blank\" title=\"Haz clic para compartir en Telegram\"><span><\/span><span class=\"sharing-screen-reader-text\">Haz clic para compartir en Telegram (Se abre en una ventana nueva)<\/span><\/a><\/li><li class=\"share-end\"><\/li><\/ul><\/div><\/div><\/div>","protected":false},"author":5,"featured_media":48320,"comment_status":"closed","ping_status":"closed","sticky":false,"template":"","format":"standard","meta":{"spay_email":"","jetpack_publicize_message":"","jetpack_is_tweetstorm":false,"jetpack_publicize_feature_enabled":true},"categories":[4],"tags":[5836],"jetpack_featured_media_url":"http:\/\/www.rtvnoticias.com.ar\/wp-content\/uploads\/2026\/03\/ziliotto-rosada-ingreso.jpg","jetpack_publicize_connections":[],"jetpack_sharing_enabled":true,"_links":{"self":[{"href":"http:\/\/www.rtvnoticias.com.ar\/index.php?rest_route=\/wp\/v2\/posts\/48319"}],"collection":[{"href":"http:\/\/www.rtvnoticias.com.ar\/index.php?rest_route=\/wp\/v2\/posts"}],"about":[{"href":"http:\/\/www.rtvnoticias.com.ar\/index.php?rest_route=\/wp\/v2\/types\/post"}],"author":[{"embeddable":true,"href":"http:\/\/www.rtvnoticias.com.ar\/index.php?rest_route=\/wp\/v2\/users\/5"}],"replies":[{"embeddable":true,"href":"http:\/\/www.rtvnoticias.com.ar\/index.php?rest_route=%2Fwp%2Fv2%2Fcomments&post=48319"}],"version-history":[{"count":1,"href":"http:\/\/www.rtvnoticias.com.ar\/index.php?rest_route=\/wp\/v2\/posts\/48319\/revisions"}],"predecessor-version":[{"id":48321,"href":"http:\/\/www.rtvnoticias.com.ar\/index.php?rest_route=\/wp\/v2\/posts\/48319\/revisions\/48321"}],"wp:featuredmedia":[{"embeddable":true,"href":"http:\/\/www.rtvnoticias.com.ar\/index.php?rest_route=\/wp\/v2\/media\/48320"}],"wp:attachment":[{"href":"http:\/\/www.rtvnoticias.com.ar\/index.php?rest_route=%2Fwp%2Fv2%2Fmedia&parent=48319"}],"wp:term":[{"taxonomy":"category","embeddable":true,"href":"http:\/\/www.rtvnoticias.com.ar\/index.php?rest_route=%2Fwp%2Fv2%2Fcategories&post=48319"},{"taxonomy":"post_tag","embeddable":true,"href":"http:\/\/www.rtvnoticias.com.ar\/index.php?rest_route=%2Fwp%2Fv2%2Ftags&post=48319"}],"curies":[{"name":"wp","href":"https:\/\/api.w.org\/{rel}","templated":true}]}}