{"id":48670,"date":"2026-04-27T17:12:55","date_gmt":"2026-04-27T20:12:55","guid":{"rendered":"http:\/\/www.rtvnoticias.com.ar\/?p=48670"},"modified":"2026-04-27T17:13:00","modified_gmt":"2026-04-27T20:13:00","slug":"exitoso-concierto-de-la-orquesta-sinfonica-general-pico","status":"publish","type":"post","link":"http:\/\/www.rtvnoticias.com.ar\/?p=48670","title":{"rendered":"Exitoso concierto de la Orquesta Sinf\u00f3nica General Pico"},"content":{"rendered":"\n<p>La Municipalidad de General Pico llev\u00f3 a cabo este domingo un nuevo concierto de la Orquesta Sinf\u00f3nica de General Pico en El Viejo Galp\u00f3n. El espect\u00e1culo cont\u00f3 con una destacada concurrencia que colm\u00f3 el auditorio, respondiendo con sostenidos aplausos a la propuesta musical.<\/p>\n\n\n\n<p>En una primera instancia, la orquesta interpret\u00f3 la Sinfon\u00eda N\u00ba 3 \u201cHeroica\u201d, de Ludwig van Beethoven, en sus cuatro movimientos, una obra emblem\u00e1tica que se distingue por su profundidad expresiva y su car\u00e1cter revolucionario.<\/p>\n\n\n\n<p>En la segunda parte de la velada se present\u00f3 \u201cCharly Garc\u00eda Sinf\u00f3nico\u201d, un homenaje a una de las figuras m\u00e1s trascendentales del rock nacional, Charly Garc\u00eda. La propuesta incluy\u00f3 la participaci\u00f3n de bandas locales como Viajeros, 5pa2 y Bandidos Urbanos, que se fundieron con la orquesta para recrear, desde una dimensi\u00f3n sinf\u00f3nica, el universo sonoro del m\u00fasico homenajeado.<\/p>\n\n\n\n<p>El resultado fue un cruce art\u00edstico de gran potencia expresiva, donde la energ\u00eda del rock y la profundidad orquestal confluyeron en una experiencia \u00fanica, cargada de identidad, emoci\u00f3n y fuerza colectiva.<\/p>\n\n\n\n<p>A lo largo del a\u00f1o, la OSGP continuar\u00e1 con presentaciones de caracter\u00edsticas similares, rindiendo homenaje a otros m\u00fasicos y m\u00fasicas argentinos.<\/p>\n\n\n\n<figure class=\"wp-block-image size-full\"><img data-attachment-id=\"48672\" data-permalink=\"http:\/\/www.rtvnoticias.com.ar\/?attachment_id=48672\" data-orig-file=\"http:\/\/www.rtvnoticias.com.ar\/wp-content\/uploads\/2026\/04\/orquesta2.jpg\" data-orig-size=\"600,337\" data-comments-opened=\"0\" data-image-meta=\"{&quot;aperture&quot;:&quot;0&quot;,&quot;credit&quot;:&quot;&quot;,&quot;camera&quot;:&quot;&quot;,&quot;caption&quot;:&quot;&quot;,&quot;created_timestamp&quot;:&quot;0&quot;,&quot;copyright&quot;:&quot;&quot;,&quot;focal_length&quot;:&quot;0&quot;,&quot;iso&quot;:&quot;0&quot;,&quot;shutter_speed&quot;:&quot;0&quot;,&quot;title&quot;:&quot;&quot;,&quot;orientation&quot;:&quot;1&quot;}\" data-image-title=\"orquesta2\" data-image-description=\"\" data-image-caption=\"\" data-medium-file=\"http:\/\/www.rtvnoticias.com.ar\/wp-content\/uploads\/2026\/04\/orquesta2-300x169.jpg\" data-large-file=\"http:\/\/www.rtvnoticias.com.ar\/wp-content\/uploads\/2026\/04\/orquesta2.jpg\" decoding=\"async\" loading=\"lazy\" width=\"600\" height=\"337\" src=\"http:\/\/www.rtvnoticias.com.ar\/wp-content\/uploads\/2026\/04\/orquesta2.jpg\" alt=\"\" class=\"wp-image-48672\" srcset=\"http:\/\/www.rtvnoticias.com.ar\/wp-content\/uploads\/2026\/04\/orquesta2.jpg 600w, http:\/\/www.rtvnoticias.com.ar\/wp-content\/uploads\/2026\/04\/orquesta2-300x169.jpg 300w\" sizes=\"(max-width: 600px) 100vw, 600px\" \/><\/figure>\n\n\n\n<p>M\u00fasica de calidad<\/p>\n\n\n\n<p>El maestro Gustavo Fontana se dirigi\u00f3 a las y los asistentes: \u201cHoy homenajeamos a dos figuras fundamentales de la historia de la m\u00fasica, del arte y de la humanidad, como lo son Beethoven y Charly Garc\u00eda. Hay puntos en com\u00fan que los emparentan, pero el principal, a mi criterio, es el coraje\u201d.<\/p>\n\n\n\n<p>Continu\u00f3: \u201cSon dos artistas que han tenido la valent\u00eda de decir lo que no se pod\u00eda decir, de una forma distinta: sin slogans ni banderas, pero de manera muy clara, con un sentimiento profundamente humano y pol\u00edtico\u201d.<\/p>\n\n\n\n<p>\u201cNo se conocieron, pero estoy seguro de que a Beethoven le hubieran gustado much\u00edsimo los temas de Charly, y este proyecto, la Orquesta Sinf\u00f3nica de General Pico, permiti\u00f3 que hoy dialoguen a trav\u00e9s del veh\u00edculo maravilloso que es la m\u00fasica\u201d, a\u00f1adi\u00f3.<\/p>\n\n\n\n<p>Asimismo, agradeci\u00f3 el trabajo municipal para la ampliaci\u00f3n del escenario: \u201cEn esta ocasi\u00f3n contamos con una nueva estructura que anteriormente deb\u00eda alquilarse. Gracias a esta decisi\u00f3n, las y los m\u00fasicos pueden estar m\u00e1s c\u00f3modos, se mejora la ac\u00fastica y se ampl\u00eda la capacidad para el p\u00fablico\u201d.<\/p>\n\n\n\n<p>Para finalizar, expres\u00f3: \u201cEn este contexto en el que vivimos, me preocupa -ya no tanto por m\u00ed- en qu\u00e9 mundo van a vivir mis hijos en los pr\u00f3ximos 15, 20 o 30 a\u00f1os. En ese marco, quiero agradecer especialmente a la intendenta Fernanda Alonso y al director de Gesti\u00f3n Cultural, Mat\u00edas Rach, por la decisi\u00f3n pol\u00edtica de crear este espacio\u201d.<\/p>\n<div class=\"sharedaddy sd-sharing-enabled\"><div class=\"robots-nocontent sd-block sd-social sd-social-icon sd-sharing\"><h3 class=\"sd-title\">Comparte esto:<\/h3><div class=\"sd-content\"><ul><li class=\"share-twitter\"><a rel=\"nofollow noopener noreferrer\" data-shared=\"sharing-twitter-48670\" class=\"share-twitter sd-button share-icon no-text\" href=\"http:\/\/www.rtvnoticias.com.ar\/?p=48670&amp;share=twitter\" target=\"_blank\" title=\"Haz clic para compartir en Twitter\"><span><\/span><span class=\"sharing-screen-reader-text\">Haz clic para compartir en Twitter (Se abre en una ventana nueva)<\/span><\/a><\/li><li class=\"share-facebook\"><a rel=\"nofollow noopener noreferrer\" data-shared=\"sharing-facebook-48670\" class=\"share-facebook sd-button share-icon no-text\" href=\"http:\/\/www.rtvnoticias.com.ar\/?p=48670&amp;share=facebook\" target=\"_blank\" title=\"Haz clic para compartir en Facebook\"><span><\/span><span class=\"sharing-screen-reader-text\">Haz clic para compartir en Facebook (Se abre en una ventana nueva)<\/span><\/a><\/li><li class=\"share-jetpack-whatsapp\"><a rel=\"nofollow noopener noreferrer\" data-shared=\"\" class=\"share-jetpack-whatsapp sd-button share-icon no-text\" href=\"http:\/\/www.rtvnoticias.com.ar\/?p=48670&amp;share=jetpack-whatsapp\" target=\"_blank\" title=\"Haz clic para compartir en WhatsApp\"><span><\/span><span class=\"sharing-screen-reader-text\">Haz clic para compartir en WhatsApp (Se abre en una ventana nueva)<\/span><\/a><\/li><li class=\"share-telegram\"><a rel=\"nofollow noopener noreferrer\" data-shared=\"\" class=\"share-telegram sd-button share-icon no-text\" href=\"http:\/\/www.rtvnoticias.com.ar\/?p=48670&amp;share=telegram\" target=\"_blank\" title=\"Haz clic para compartir en Telegram\"><span><\/span><span class=\"sharing-screen-reader-text\">Haz clic para compartir en Telegram (Se abre en una ventana nueva)<\/span><\/a><\/li><li class=\"share-end\"><\/li><\/ul><\/div><\/div><\/div>","protected":false},"excerpt":{"rendered":"<p>La Municipalidad de General Pico llev\u00f3 a cabo este domingo un nuevo concierto de la Orquesta Sinf\u00f3nica de General Pico en El Viejo Galp\u00f3n. El<\/p>\n<div class=\"sharedaddy sd-sharing-enabled\"><div class=\"robots-nocontent sd-block sd-social sd-social-icon sd-sharing\"><h3 class=\"sd-title\">Comparte esto:<\/h3><div class=\"sd-content\"><ul><li class=\"share-twitter\"><a rel=\"nofollow noopener noreferrer\" data-shared=\"sharing-twitter-48670\" class=\"share-twitter sd-button share-icon no-text\" href=\"http:\/\/www.rtvnoticias.com.ar\/?p=48670&amp;share=twitter\" target=\"_blank\" title=\"Haz clic para compartir en Twitter\"><span><\/span><span class=\"sharing-screen-reader-text\">Haz clic para compartir en Twitter (Se abre en una ventana nueva)<\/span><\/a><\/li><li class=\"share-facebook\"><a rel=\"nofollow noopener noreferrer\" data-shared=\"sharing-facebook-48670\" class=\"share-facebook sd-button share-icon no-text\" href=\"http:\/\/www.rtvnoticias.com.ar\/?p=48670&amp;share=facebook\" target=\"_blank\" title=\"Haz clic para compartir en Facebook\"><span><\/span><span class=\"sharing-screen-reader-text\">Haz clic para compartir en Facebook (Se abre en una ventana nueva)<\/span><\/a><\/li><li class=\"share-jetpack-whatsapp\"><a rel=\"nofollow noopener noreferrer\" data-shared=\"\" class=\"share-jetpack-whatsapp sd-button share-icon no-text\" href=\"http:\/\/www.rtvnoticias.com.ar\/?p=48670&amp;share=jetpack-whatsapp\" target=\"_blank\" title=\"Haz clic para compartir en WhatsApp\"><span><\/span><span class=\"sharing-screen-reader-text\">Haz clic para compartir en WhatsApp (Se abre en una ventana nueva)<\/span><\/a><\/li><li class=\"share-telegram\"><a rel=\"nofollow noopener noreferrer\" data-shared=\"\" class=\"share-telegram sd-button share-icon no-text\" href=\"http:\/\/www.rtvnoticias.com.ar\/?p=48670&amp;share=telegram\" target=\"_blank\" title=\"Haz clic para compartir en Telegram\"><span><\/span><span class=\"sharing-screen-reader-text\">Haz clic para compartir en Telegram (Se abre en una ventana nueva)<\/span><\/a><\/li><li class=\"share-end\"><\/li><\/ul><\/div><\/div><\/div>","protected":false},"author":5,"featured_media":48671,"comment_status":"closed","ping_status":"closed","sticky":false,"template":"","format":"standard","meta":{"spay_email":"","jetpack_publicize_message":"","jetpack_is_tweetstorm":false,"jetpack_publicize_feature_enabled":true},"categories":[3],"tags":[5924],"jetpack_featured_media_url":"http:\/\/www.rtvnoticias.com.ar\/wp-content\/uploads\/2026\/04\/orquesta.jpg","jetpack_publicize_connections":[],"jetpack_sharing_enabled":true,"_links":{"self":[{"href":"http:\/\/www.rtvnoticias.com.ar\/index.php?rest_route=\/wp\/v2\/posts\/48670"}],"collection":[{"href":"http:\/\/www.rtvnoticias.com.ar\/index.php?rest_route=\/wp\/v2\/posts"}],"about":[{"href":"http:\/\/www.rtvnoticias.com.ar\/index.php?rest_route=\/wp\/v2\/types\/post"}],"author":[{"embeddable":true,"href":"http:\/\/www.rtvnoticias.com.ar\/index.php?rest_route=\/wp\/v2\/users\/5"}],"replies":[{"embeddable":true,"href":"http:\/\/www.rtvnoticias.com.ar\/index.php?rest_route=%2Fwp%2Fv2%2Fcomments&post=48670"}],"version-history":[{"count":1,"href":"http:\/\/www.rtvnoticias.com.ar\/index.php?rest_route=\/wp\/v2\/posts\/48670\/revisions"}],"predecessor-version":[{"id":48673,"href":"http:\/\/www.rtvnoticias.com.ar\/index.php?rest_route=\/wp\/v2\/posts\/48670\/revisions\/48673"}],"wp:featuredmedia":[{"embeddable":true,"href":"http:\/\/www.rtvnoticias.com.ar\/index.php?rest_route=\/wp\/v2\/media\/48671"}],"wp:attachment":[{"href":"http:\/\/www.rtvnoticias.com.ar\/index.php?rest_route=%2Fwp%2Fv2%2Fmedia&parent=48670"}],"wp:term":[{"taxonomy":"category","embeddable":true,"href":"http:\/\/www.rtvnoticias.com.ar\/index.php?rest_route=%2Fwp%2Fv2%2Fcategories&post=48670"},{"taxonomy":"post_tag","embeddable":true,"href":"http:\/\/www.rtvnoticias.com.ar\/index.php?rest_route=%2Fwp%2Fv2%2Ftags&post=48670"}],"curies":[{"name":"wp","href":"https:\/\/api.w.org\/{rel}","templated":true}]}}