{"id":48677,"date":"2026-04-27T17:55:08","date_gmt":"2026-04-27T20:55:08","guid":{"rendered":"http:\/\/www.rtvnoticias.com.ar\/?p=48677"},"modified":"2026-04-27T17:55:14","modified_gmt":"2026-04-27T20:55:14","slug":"la-10-edicion-del-festival-nacional-de-cine-de-general-pico-sera-del-6-al-12-de-agosto","status":"publish","type":"post","link":"http:\/\/www.rtvnoticias.com.ar\/?p=48677","title":{"rendered":"La 10\u00b0 edici\u00f3n del Festival Nacional de Cine de General Pico ser\u00e1 del 6 al 12 de agosto"},"content":{"rendered":"\n<p>En las instalaciones del Cine &amp; Teatro Pico, la Asociaci\u00f3n Italiana XX de Septiembre de Socorros Mutuos de esta ciudad llev\u00f3 a cabo la conferencia de prensa de lanzamiento de la d\u00e9cima edici\u00f3n del Festival Nacional de Cine de General Pico, que se realizar\u00e1 del 6 al 12 de agosto de 2026 en las salas del Cine Gran Pampa y del Cine &amp; Teatro Pico.<\/p>\n\n\n\n<p>El anuncio fue encabezado por el presidente de la Asociaci\u00f3n Italiana y del Festival, Jos\u00e9 Luis Angelucci, junto a la intendenta de General Pico, Fernanda Alonso; la vicepresidenta de la instituci\u00f3n, Marcela Pozzi; y la directora art\u00edstica y productora general del Festival, Sonia Ziliotto, acompa\u00f1ados por integrantes de la comisi\u00f3n directiva y colaboradores.<\/p>\n\n\n\n<p><strong>Continuidad<\/strong><\/p>\n\n\n\n<p>Durante la presentaci\u00f3n, Angelucci destac\u00f3 la permanencia y el crecimiento del Festival: \u201cEstamos muy felices de poder darle continuidad a esto que hace tantos a\u00f1os fue una idea y que hoy est\u00e1 afianzada a nivel nacional\u201d.<\/p>\n\n\n\n<p>Adem\u00e1s, remarc\u00f3 la convocatoria y el esp\u00edritu del evento: \u201cSer\u00e1n siete d\u00edas de puro cine en nuestras salas, con participaci\u00f3n de realizadores pampeanos, piquenses y de todo el pa\u00eds\u201d.<br>\u201cContinuaremos con las competencias de largometraje nacional, cortometraje nacional y cortometraje regional, junto a segmentos no competitivos como infancias, cine italiano, cine internacional y el ciclo de terror\u201d, se\u00f1al\u00f3 el director del Festival.<\/p>\n\n\n\n<p>Finalmente, subray\u00f3 el contexto y el compromiso: \u201cEstamos atravesando una situaci\u00f3n compleja, pero las ganas de hacer el Festival y de que la gente vuelva al cine son m\u00e1s fuertes. Para nosotros es fundamental que los realizadores puedan ver sus obras en pantalla grande\u201d.<\/p>\n\n\n\n<p><strong>Espacio clave<\/strong><\/p>\n\n\n\n<p>La intendenta de la ciudad puso en valor el lugar del Festival en la agenda cultural resaltando que: \u201cCada vez se fortalece m\u00e1s y se instala en el calendario del cine argentino, incluso en un contexto donde muchas propuestas desaparecen\u201d.<\/p>\n\n\n\n<p>En tal sentido, destac\u00f3 el rol del Estado local: \u201cSostener este Festival es sostener un espacio cultural clave para la ciudad y garantizar que nuestras salas sigan vivas\u201d.<\/p>\n\n\n\n<p>Asimismo, remarc\u00f3 el respaldo institucional al evento y confirm\u00f3 el acompa\u00f1amiento del Consejo Federal de Inversiones (CFI). \u201cVamos a contar con este apoyo para que el Festival contin\u00fae, el gobierno provincial no dud\u00f3 en hacer caso a esta gesti\u00f3n de la localidad de General Pico, as\u00ed que vamos a contar con eso para que esto sea una realidad y para que no desaparezca el esfuerzo de los que pensaron por primera vez en que pico tenga un festival propio y en sostenerlo\u201d<\/p>\n\n\n\n<p>Por su parte desde la direcci\u00f3n art\u00edstica, Sonia Ziliotto destac\u00f3 el trabajo colectivo y el crecimiento de las propuestas educativas: \u201cSeguimos firmes, con equipos renovados y muchas ganas de trabajar. Ya comenzamos con los proyectos de infancias y encuentros de escuelas, con capacitaciones que incluso tienen cupo completo\u201d, y a\u00f1adi\u00f3: \u201capostamos a la inclusi\u00f3n y a que cada vez m\u00e1s j\u00f3venes puedan producir y ver sus obras en pantalla grande\u201d.<\/p>\n\n\n\n<p>En tanto, Marcela Pozzi puso en valor el recorrido del Festival: \u201cLlegar a una d\u00e9cima edici\u00f3n es un logro important\u00edsimo, que implica much\u00edsimo esfuerzo, tanto humano como econ\u00f3mico. Es un trabajo colectivo que se sostiene con compromiso y pasi\u00f3n\u201d.<\/p>\n\n\n\n<p><strong>10\u00aa edici\u00f3n<\/strong><\/p>\n\n\n\n<p>Durante el inicio de la conferencia se present\u00f3 el video de la nueva identidad visual, inspirado en las antiguas marquesinas, con una est\u00e9tica en dorado sobre fondo oscuro.<\/p>\n\n\n\n<p>El concepto se sintetiza en el mensaje: \u201cEl cine sigue. Nos vemos en la sala\u201d, una afirmaci\u00f3n que refuerza la continuidad del Festival y una invitaci\u00f3n a reencontrarse con la experiencia colectiva del cine.<\/p>\n\n\n\n<p><strong>Competencias, secciones e inscripciones<\/strong><\/p>\n\n\n\n<p>La d\u00e9cima edici\u00f3n del Festival estar\u00e1 integrada por tres competencias: la Competencia Nacional de Largometrajes, la Competencia Nacional de Cortometrajes y la Competencia Regional de Cortometrajes. Adem\u00e1s, se desarrollar\u00e1n secciones no competitivas como Muestra Italiana, Panorama Internacional, Rescates, Muestra Pampeana de Cortometrajes, Ciclo de Terror de Medianoche, Proyecto Infancias y Cine y Encuentro de Escuelas, junto a talleres y clases magistrales.<\/p>\n\n\n\n<p>Las inscripciones estar\u00e1n abiertas del 28 de abril al 28 de mayo de 2026 y se realizar\u00e1n de manera gratuita a trav\u00e9s del sitio web oficial: www.picocinefest.com.ar<\/p>\n<div class=\"sharedaddy sd-sharing-enabled\"><div class=\"robots-nocontent sd-block sd-social sd-social-icon sd-sharing\"><h3 class=\"sd-title\">Comparte esto:<\/h3><div class=\"sd-content\"><ul><li class=\"share-twitter\"><a rel=\"nofollow noopener noreferrer\" data-shared=\"sharing-twitter-48677\" class=\"share-twitter sd-button share-icon no-text\" href=\"http:\/\/www.rtvnoticias.com.ar\/?p=48677&amp;share=twitter\" target=\"_blank\" title=\"Haz clic para compartir en Twitter\"><span><\/span><span class=\"sharing-screen-reader-text\">Haz clic para compartir en Twitter (Se abre en una ventana nueva)<\/span><\/a><\/li><li class=\"share-facebook\"><a rel=\"nofollow noopener noreferrer\" data-shared=\"sharing-facebook-48677\" class=\"share-facebook sd-button share-icon no-text\" href=\"http:\/\/www.rtvnoticias.com.ar\/?p=48677&amp;share=facebook\" target=\"_blank\" title=\"Haz clic para compartir en Facebook\"><span><\/span><span class=\"sharing-screen-reader-text\">Haz clic para compartir en Facebook (Se abre en una ventana nueva)<\/span><\/a><\/li><li class=\"share-jetpack-whatsapp\"><a rel=\"nofollow noopener noreferrer\" data-shared=\"\" class=\"share-jetpack-whatsapp sd-button share-icon no-text\" href=\"http:\/\/www.rtvnoticias.com.ar\/?p=48677&amp;share=jetpack-whatsapp\" target=\"_blank\" title=\"Haz clic para compartir en WhatsApp\"><span><\/span><span class=\"sharing-screen-reader-text\">Haz clic para compartir en WhatsApp (Se abre en una ventana nueva)<\/span><\/a><\/li><li class=\"share-telegram\"><a rel=\"nofollow noopener noreferrer\" data-shared=\"\" class=\"share-telegram sd-button share-icon no-text\" href=\"http:\/\/www.rtvnoticias.com.ar\/?p=48677&amp;share=telegram\" target=\"_blank\" title=\"Haz clic para compartir en Telegram\"><span><\/span><span class=\"sharing-screen-reader-text\">Haz clic para compartir en Telegram (Se abre en una ventana nueva)<\/span><\/a><\/li><li class=\"share-end\"><\/li><\/ul><\/div><\/div><\/div>","protected":false},"excerpt":{"rendered":"<p>En las instalaciones del Cine &amp; Teatro Pico, la Asociaci\u00f3n Italiana XX de Septiembre de Socorros Mutuos de esta ciudad llev\u00f3 a cabo la conferencia<\/p>\n<div class=\"sharedaddy sd-sharing-enabled\"><div class=\"robots-nocontent sd-block sd-social sd-social-icon sd-sharing\"><h3 class=\"sd-title\">Comparte esto:<\/h3><div class=\"sd-content\"><ul><li class=\"share-twitter\"><a rel=\"nofollow noopener noreferrer\" data-shared=\"sharing-twitter-48677\" class=\"share-twitter sd-button share-icon no-text\" href=\"http:\/\/www.rtvnoticias.com.ar\/?p=48677&amp;share=twitter\" target=\"_blank\" title=\"Haz clic para compartir en Twitter\"><span><\/span><span class=\"sharing-screen-reader-text\">Haz clic para compartir en Twitter (Se abre en una ventana nueva)<\/span><\/a><\/li><li class=\"share-facebook\"><a rel=\"nofollow noopener noreferrer\" data-shared=\"sharing-facebook-48677\" class=\"share-facebook sd-button share-icon no-text\" href=\"http:\/\/www.rtvnoticias.com.ar\/?p=48677&amp;share=facebook\" target=\"_blank\" title=\"Haz clic para compartir en Facebook\"><span><\/span><span class=\"sharing-screen-reader-text\">Haz clic para compartir en Facebook (Se abre en una ventana nueva)<\/span><\/a><\/li><li class=\"share-jetpack-whatsapp\"><a rel=\"nofollow noopener noreferrer\" data-shared=\"\" class=\"share-jetpack-whatsapp sd-button share-icon no-text\" href=\"http:\/\/www.rtvnoticias.com.ar\/?p=48677&amp;share=jetpack-whatsapp\" target=\"_blank\" title=\"Haz clic para compartir en WhatsApp\"><span><\/span><span class=\"sharing-screen-reader-text\">Haz clic para compartir en WhatsApp (Se abre en una ventana nueva)<\/span><\/a><\/li><li class=\"share-telegram\"><a rel=\"nofollow noopener noreferrer\" data-shared=\"\" class=\"share-telegram sd-button share-icon no-text\" href=\"http:\/\/www.rtvnoticias.com.ar\/?p=48677&amp;share=telegram\" target=\"_blank\" title=\"Haz clic para compartir en Telegram\"><span><\/span><span class=\"sharing-screen-reader-text\">Haz clic para compartir en Telegram (Se abre en una ventana nueva)<\/span><\/a><\/li><li class=\"share-end\"><\/li><\/ul><\/div><\/div><\/div>","protected":false},"author":5,"featured_media":48678,"comment_status":"closed","ping_status":"closed","sticky":false,"template":"","format":"standard","meta":{"spay_email":"","jetpack_publicize_message":"","jetpack_is_tweetstorm":false,"jetpack_publicize_feature_enabled":true},"categories":[3],"tags":[356],"jetpack_featured_media_url":"http:\/\/www.rtvnoticias.com.ar\/wp-content\/uploads\/2026\/04\/cine-cola.jpg","jetpack_publicize_connections":[],"jetpack_sharing_enabled":true,"_links":{"self":[{"href":"http:\/\/www.rtvnoticias.com.ar\/index.php?rest_route=\/wp\/v2\/posts\/48677"}],"collection":[{"href":"http:\/\/www.rtvnoticias.com.ar\/index.php?rest_route=\/wp\/v2\/posts"}],"about":[{"href":"http:\/\/www.rtvnoticias.com.ar\/index.php?rest_route=\/wp\/v2\/types\/post"}],"author":[{"embeddable":true,"href":"http:\/\/www.rtvnoticias.com.ar\/index.php?rest_route=\/wp\/v2\/users\/5"}],"replies":[{"embeddable":true,"href":"http:\/\/www.rtvnoticias.com.ar\/index.php?rest_route=%2Fwp%2Fv2%2Fcomments&post=48677"}],"version-history":[{"count":1,"href":"http:\/\/www.rtvnoticias.com.ar\/index.php?rest_route=\/wp\/v2\/posts\/48677\/revisions"}],"predecessor-version":[{"id":48679,"href":"http:\/\/www.rtvnoticias.com.ar\/index.php?rest_route=\/wp\/v2\/posts\/48677\/revisions\/48679"}],"wp:featuredmedia":[{"embeddable":true,"href":"http:\/\/www.rtvnoticias.com.ar\/index.php?rest_route=\/wp\/v2\/media\/48678"}],"wp:attachment":[{"href":"http:\/\/www.rtvnoticias.com.ar\/index.php?rest_route=%2Fwp%2Fv2%2Fmedia&parent=48677"}],"wp:term":[{"taxonomy":"category","embeddable":true,"href":"http:\/\/www.rtvnoticias.com.ar\/index.php?rest_route=%2Fwp%2Fv2%2Fcategories&post=48677"},{"taxonomy":"post_tag","embeddable":true,"href":"http:\/\/www.rtvnoticias.com.ar\/index.php?rest_route=%2Fwp%2Fv2%2Ftags&post=48677"}],"curies":[{"name":"wp","href":"https:\/\/api.w.org\/{rel}","templated":true}]}}