{"id":48683,"date":"2026-04-27T18:26:29","date_gmt":"2026-04-27T21:26:29","guid":{"rendered":"http:\/\/www.rtvnoticias.com.ar\/?p=48683"},"modified":"2026-04-27T18:26:35","modified_gmt":"2026-04-27T21:26:35","slug":"angelucci-aseguro-que-se-debe-transparentar-la-calidad-del-agua-de-red-en-general-pico","status":"publish","type":"post","link":"http:\/\/www.rtvnoticias.com.ar\/?p=48683","title":{"rendered":"Angelucci asegur\u00f3 que se debe transparentar la calidad del agua de red en General Pico"},"content":{"rendered":"\n<p><\/p>\n\n\n\n<p>El espacio Avanzar Juntos (CC-ARI) present\u00f3 en el Concejo Deliberante un proyecto de ordenanza para transparentar la calidad del agua de red en General Pico y avanzar en soluciones concretas que mejoren el acceso a agua segura para consumo humano, con menores niveles de ars\u00e9nico y fl\u00faor.<\/p>\n\n\n\n<p>El proyecto propone cuatro medidas principales: que CORPICO informe mensualmente en la boleta de cada usuario los resultados de los an\u00e1lisis del agua de la cisterna que lo abastece; la evaluaci\u00f3n de factibilidad y creaci\u00f3n de puntos de expendio de agua segura mediante sistemas de tratamiento como \u00f3smosis inversa; un programa de financiamiento de filtros domiciliarios a contrafactura; y un sello de calidad para distribuidoras y envasadoras que certifiquen, de manera voluntaria y peri\u00f3dica, la calidad del agua que comercializan. <\/p>\n\n\n\n<p>\u201cLos vecinos tienen derecho a saber qu\u00e9 agua est\u00e1n consumiendo. Hoy esa informaci\u00f3n no es accesible, y sin informaci\u00f3n no hay posibilidad de elegir ni de cuidarse\u201d, se\u00f1al\u00f3 Juli\u00e1n Angelucci en declaraciones al programa Una Ma\u00f1ana de Locos que conduce Daniel Depaulo.<\/p>\n\n\n\n<p>Record\u00f3 que \u201ctrabajamos estos meses para pasar de los problemas a las soluciones, y de la cr\u00edtica a las propuestas. El proyecto plantea medidas posibles, de corto plazo, que ya funcionan en otras ciudades y que pueden mejorar la calidad del agua que usamos todos los d\u00edas para tomar o cocinar\u201d.<\/p>\n\n\n\n<p>La iniciativa es el resultado de meses de trabajo que incluyeron pedidos formales de informes a la cooperativa y un acceso a la informaci\u00f3n p\u00fablica ante la Administraci\u00f3n Provincial del Agua (APA). La investigaci\u00f3n permiti\u00f3 por primera vez acceder y hacer p\u00fablicos los datos oficiales sobre la calidad del agua y los controles que realiza la provincia, confirmando que en los \u00faltimos an\u00e1lisis de marzo de 2026 el agua de las cisternas locales conten\u00eda niveles de ars\u00e9nico y fl\u00faor por encima de los recomendados por el C\u00f3digo Alimentario Argentino y la Organizaci\u00f3n Mundial de la Salud.<\/p>\n\n\n\n<p>Juli\u00e1n Angelucci advirti\u00f3 que  \u201ceste es un tema de salud p\u00fablica. Esperamos que los concejales traten el proyecto con la urgencia y el respeto que merece. Tambi\u00e9n esperamos que el Municipio se abra al di\u00e1logo y no lo rechace por especulaci\u00f3n pol\u00edtica. Reconocer el problema es el primer paso para empezar a solucionarlo\u201d.<\/p>\n\n\n\n<p>Consultado sobre  la erogaci\u00f3n econ\u00f3mica que podr\u00eda tener la puesta en marcha del proyecto, Angelucci asegur\u00f3 que \u00abno es importante\u00bb.<\/p>\n\n\n\n<p><\/p>\n<div class=\"sharedaddy sd-sharing-enabled\"><div class=\"robots-nocontent sd-block sd-social sd-social-icon sd-sharing\"><h3 class=\"sd-title\">Comparte esto:<\/h3><div class=\"sd-content\"><ul><li class=\"share-twitter\"><a rel=\"nofollow noopener noreferrer\" data-shared=\"sharing-twitter-48683\" class=\"share-twitter sd-button share-icon no-text\" href=\"http:\/\/www.rtvnoticias.com.ar\/?p=48683&amp;share=twitter\" target=\"_blank\" title=\"Haz clic para compartir en Twitter\"><span><\/span><span class=\"sharing-screen-reader-text\">Haz clic para compartir en Twitter (Se abre en una ventana nueva)<\/span><\/a><\/li><li class=\"share-facebook\"><a rel=\"nofollow noopener noreferrer\" data-shared=\"sharing-facebook-48683\" class=\"share-facebook sd-button share-icon no-text\" href=\"http:\/\/www.rtvnoticias.com.ar\/?p=48683&amp;share=facebook\" target=\"_blank\" title=\"Haz clic para compartir en Facebook\"><span><\/span><span class=\"sharing-screen-reader-text\">Haz clic para compartir en Facebook (Se abre en una ventana nueva)<\/span><\/a><\/li><li class=\"share-jetpack-whatsapp\"><a rel=\"nofollow noopener noreferrer\" data-shared=\"\" class=\"share-jetpack-whatsapp sd-button share-icon no-text\" href=\"http:\/\/www.rtvnoticias.com.ar\/?p=48683&amp;share=jetpack-whatsapp\" target=\"_blank\" title=\"Haz clic para compartir en WhatsApp\"><span><\/span><span class=\"sharing-screen-reader-text\">Haz clic para compartir en WhatsApp (Se abre en una ventana nueva)<\/span><\/a><\/li><li class=\"share-telegram\"><a rel=\"nofollow noopener noreferrer\" data-shared=\"\" class=\"share-telegram sd-button share-icon no-text\" href=\"http:\/\/www.rtvnoticias.com.ar\/?p=48683&amp;share=telegram\" target=\"_blank\" title=\"Haz clic para compartir en Telegram\"><span><\/span><span class=\"sharing-screen-reader-text\">Haz clic para compartir en Telegram (Se abre en una ventana nueva)<\/span><\/a><\/li><li class=\"share-end\"><\/li><\/ul><\/div><\/div><\/div>","protected":false},"excerpt":{"rendered":"<p>El espacio Avanzar Juntos (CC-ARI) present\u00f3 en el Concejo Deliberante un proyecto de ordenanza para transparentar la calidad del agua de red en General Pico<\/p>\n<div class=\"sharedaddy sd-sharing-enabled\"><div class=\"robots-nocontent sd-block sd-social sd-social-icon sd-sharing\"><h3 class=\"sd-title\">Comparte esto:<\/h3><div class=\"sd-content\"><ul><li class=\"share-twitter\"><a rel=\"nofollow noopener noreferrer\" data-shared=\"sharing-twitter-48683\" class=\"share-twitter sd-button share-icon no-text\" href=\"http:\/\/www.rtvnoticias.com.ar\/?p=48683&amp;share=twitter\" target=\"_blank\" title=\"Haz clic para compartir en Twitter\"><span><\/span><span class=\"sharing-screen-reader-text\">Haz clic para compartir en Twitter (Se abre en una ventana nueva)<\/span><\/a><\/li><li class=\"share-facebook\"><a rel=\"nofollow noopener noreferrer\" data-shared=\"sharing-facebook-48683\" class=\"share-facebook sd-button share-icon no-text\" href=\"http:\/\/www.rtvnoticias.com.ar\/?p=48683&amp;share=facebook\" target=\"_blank\" title=\"Haz clic para compartir en Facebook\"><span><\/span><span class=\"sharing-screen-reader-text\">Haz clic para compartir en Facebook (Se abre en una ventana nueva)<\/span><\/a><\/li><li class=\"share-jetpack-whatsapp\"><a rel=\"nofollow noopener noreferrer\" data-shared=\"\" class=\"share-jetpack-whatsapp sd-button share-icon no-text\" href=\"http:\/\/www.rtvnoticias.com.ar\/?p=48683&amp;share=jetpack-whatsapp\" target=\"_blank\" title=\"Haz clic para compartir en WhatsApp\"><span><\/span><span class=\"sharing-screen-reader-text\">Haz clic para compartir en WhatsApp (Se abre en una ventana nueva)<\/span><\/a><\/li><li class=\"share-telegram\"><a rel=\"nofollow noopener noreferrer\" data-shared=\"\" class=\"share-telegram sd-button share-icon no-text\" href=\"http:\/\/www.rtvnoticias.com.ar\/?p=48683&amp;share=telegram\" target=\"_blank\" title=\"Haz clic para compartir en Telegram\"><span><\/span><span class=\"sharing-screen-reader-text\">Haz clic para compartir en Telegram (Se abre en una ventana nueva)<\/span><\/a><\/li><li class=\"share-end\"><\/li><\/ul><\/div><\/div><\/div>","protected":false},"author":5,"featured_media":48684,"comment_status":"closed","ping_status":"closed","sticky":false,"template":"","format":"standard","meta":{"spay_email":"","jetpack_publicize_message":"","jetpack_is_tweetstorm":false,"jetpack_publicize_feature_enabled":true},"categories":[3],"tags":[5926],"jetpack_featured_media_url":"http:\/\/www.rtvnoticias.com.ar\/wp-content\/uploads\/2026\/04\/angelucci-boleta.jpg","jetpack_publicize_connections":[],"jetpack_sharing_enabled":true,"_links":{"self":[{"href":"http:\/\/www.rtvnoticias.com.ar\/index.php?rest_route=\/wp\/v2\/posts\/48683"}],"collection":[{"href":"http:\/\/www.rtvnoticias.com.ar\/index.php?rest_route=\/wp\/v2\/posts"}],"about":[{"href":"http:\/\/www.rtvnoticias.com.ar\/index.php?rest_route=\/wp\/v2\/types\/post"}],"author":[{"embeddable":true,"href":"http:\/\/www.rtvnoticias.com.ar\/index.php?rest_route=\/wp\/v2\/users\/5"}],"replies":[{"embeddable":true,"href":"http:\/\/www.rtvnoticias.com.ar\/index.php?rest_route=%2Fwp%2Fv2%2Fcomments&post=48683"}],"version-history":[{"count":2,"href":"http:\/\/www.rtvnoticias.com.ar\/index.php?rest_route=\/wp\/v2\/posts\/48683\/revisions"}],"predecessor-version":[{"id":48686,"href":"http:\/\/www.rtvnoticias.com.ar\/index.php?rest_route=\/wp\/v2\/posts\/48683\/revisions\/48686"}],"wp:featuredmedia":[{"embeddable":true,"href":"http:\/\/www.rtvnoticias.com.ar\/index.php?rest_route=\/wp\/v2\/media\/48684"}],"wp:attachment":[{"href":"http:\/\/www.rtvnoticias.com.ar\/index.php?rest_route=%2Fwp%2Fv2%2Fmedia&parent=48683"}],"wp:term":[{"taxonomy":"category","embeddable":true,"href":"http:\/\/www.rtvnoticias.com.ar\/index.php?rest_route=%2Fwp%2Fv2%2Fcategories&post=48683"},{"taxonomy":"post_tag","embeddable":true,"href":"http:\/\/www.rtvnoticias.com.ar\/index.php?rest_route=%2Fwp%2Fv2%2Ftags&post=48683"}],"curies":[{"name":"wp","href":"https:\/\/api.w.org\/{rel}","templated":true}]}}