{"id":48690,"date":"2026-04-29T05:36:00","date_gmt":"2026-04-29T08:36:00","guid":{"rendered":"http:\/\/www.rtvnoticias.com.ar\/?p=48690"},"modified":"2026-04-28T17:52:15","modified_gmt":"2026-04-28T20:52:15","slug":"el-viernes-1-de-mayo-peregrinacion-al-santuario-de-colonia-san-jose","status":"publish","type":"post","link":"http:\/\/www.rtvnoticias.com.ar\/?p=48690","title":{"rendered":"El viernes 1\u00b0 de Mayo peregrinaci\u00f3n al  Santuario de Colonia San Jos\u00e9"},"content":{"rendered":"\n<p>El pr\u00f3ximo viernes 1 de mayo (D\u00eda del Trabajador) se realizar\u00e1 la XXVII Peregrinaci\u00f3n Diocesana al Santuario de San Jos\u00e9. Se espera una gran convocatoria de fieles que arribar\u00e1n en grupos de peregrinos de diversos puntos de la Provincia y el pa\u00eds.Desde la Parroquia de Pompeya en General Pico saldr\u00e1 la biciperegrinaci\u00f3n, previa bendici\u00f3n del Padre Fabi\u00e1n.<\/p>\n\n\n\n<p>El Secretar\u00edo de Turismo de La Pampa, Sa\u00fal Echeveste, y la responsable del Santuario, hermana Mar\u00eda Ester Cortabarr\u00eda, dieron detalles organizativos de la XXVII Peregrinaci\u00f3n Diocesana al Santuario de San Jos\u00e9. <\/p>\n\n\n\n<p>El funcionario provincial  se\u00f1al\u00f3 que la tradicional peregrinaci\u00f3n \u00abes un encuentro que re\u00fane la fe, el esfuerzo y la identidad. Es una alegr\u00eda compartida entre los vecinos y vecinas, entre las familias y los visitantes que legan al lugar desde distintos puntos de la Provincia y del pa\u00eds. Es un evento profundamente religioso, espiritual, porque la gente peregrina hacia el lugar para agradecer, para pedir o para cumplir alguna promesa. Adem\u00e1s es cultural porque se puede disfrutar del canto, de la danza y de la m\u00fasica de diferentes expresiones art\u00edsticas, pero tambi\u00e9n es tur\u00edstico porque genera movimiento y pone en valor el patrimonio religioso y cultural de nuestra Provincia\u201d, continu\u00f3.<\/p>\n\n\n\n<figure class=\"wp-block-image size-large\"><img data-attachment-id=\"48692\" data-permalink=\"http:\/\/www.rtvnoticias.com.ar\/?attachment_id=48692\" data-orig-file=\"http:\/\/www.rtvnoticias.com.ar\/wp-content\/uploads\/2026\/04\/peregrinacion-san-jose.jpg\" data-orig-size=\"2448,1377\" data-comments-opened=\"0\" data-image-meta=\"{&quot;aperture&quot;:&quot;0&quot;,&quot;credit&quot;:&quot;&quot;,&quot;camera&quot;:&quot;&quot;,&quot;caption&quot;:&quot;&quot;,&quot;created_timestamp&quot;:&quot;1777373641&quot;,&quot;copyright&quot;:&quot;&quot;,&quot;focal_length&quot;:&quot;0&quot;,&quot;iso&quot;:&quot;0&quot;,&quot;shutter_speed&quot;:&quot;0&quot;,&quot;title&quot;:&quot;&quot;,&quot;orientation&quot;:&quot;0&quot;}\" data-image-title=\"peregrinacion-san-jose\" data-image-description=\"\" data-image-caption=\"\" data-medium-file=\"http:\/\/www.rtvnoticias.com.ar\/wp-content\/uploads\/2026\/04\/peregrinacion-san-jose-300x169.jpg\" data-large-file=\"http:\/\/www.rtvnoticias.com.ar\/wp-content\/uploads\/2026\/04\/peregrinacion-san-jose-1024x576.jpg\" decoding=\"async\" loading=\"lazy\" width=\"1024\" height=\"576\" src=\"http:\/\/www.rtvnoticias.com.ar\/wp-content\/uploads\/2026\/04\/peregrinacion-san-jose-1024x576.jpg\" alt=\"\" class=\"wp-image-48692\" srcset=\"http:\/\/www.rtvnoticias.com.ar\/wp-content\/uploads\/2026\/04\/peregrinacion-san-jose-1024x576.jpg 1024w, http:\/\/www.rtvnoticias.com.ar\/wp-content\/uploads\/2026\/04\/peregrinacion-san-jose-300x169.jpg 300w, http:\/\/www.rtvnoticias.com.ar\/wp-content\/uploads\/2026\/04\/peregrinacion-san-jose-768x432.jpg 768w, http:\/\/www.rtvnoticias.com.ar\/wp-content\/uploads\/2026\/04\/peregrinacion-san-jose-1536x864.jpg 1536w, http:\/\/www.rtvnoticias.com.ar\/wp-content\/uploads\/2026\/04\/peregrinacion-san-jose-2048x1152.jpg 2048w\" sizes=\"(max-width: 1024px) 100vw, 1024px\" \/><\/figure>\n\n\n\n<p>\u201cTambi\u00e9n resulta coincidente con la celebraci\u00f3n del 1\u00b0 de Mayo, D\u00eda del Trabajador, es una oportunidad para honrar a quienes todos los d\u00edas a trav\u00e9s del trabajo, construyen identidad y dignidad por sobre todas las cosas. De nuestra parte desde la Secretar\u00eda, invitamos a todos los pampeanos y pampeanas a que se acerquen a la Colonia San Jos\u00e9\u201d. <\/p>\n\n\n\n<p>En tanto la responsable del Santuario indic\u00f3 que la peregrinaci\u00f3n se remonta a muchos a\u00f1os, naciendo como peregrinaci\u00f3n diocesana, pidiendo aumento por las vocaciones sacerdotales y religiosas, porque en ese lugar surgieron muchas vocaciones, muchos sacerdotes y muchas religiosas en los primeros a\u00f1os de San Jos\u00e9. Ahora lo hacemos como peregrinaci\u00f3n hacia el santuario San Jos\u00e9.<\/p>\n\n\n\n<p>Las actividades del d\u00eda van a ser desde la ma\u00f1ana, despu\u00e9s visita a las ermitas y a la carpinter\u00eda de San Jos\u00e9. A las 11 se har\u00e1 la caminata hasta la Virgen de La Pampa y las cruces hist\u00f3ricas que hay en el pueblo. A partir de las 11:30 llevaremos adelante los bautismos y luego a las 12 el Angelus en la ermita de Schoenstats. Los que no quieran compartir y acompa\u00f1ar esos momentos, se pueden ubicar tambi\u00e9n en el templo, habr\u00e1 actos de confesi\u00f3n e imposici\u00f3n de manos en la tarde, el horario es a las 14. Participar\u00e1 el Coro \u00abM\u00e9danos y Luna\u00bb y sobre las 15:30 comenzaremos con la procesi\u00f3n\u201d, continu\u00f3.<\/p>\n\n\n\n<p>\u201cTodos y cada uno como puedan y hasta donde puedan, pero la alegr\u00eda del reencontrarnos, de ir a su casa, de ir a pedirle, nos dec\u00eda el cardenal Polier. El primer a\u00f1o tienen que ser pedig\u00fce\u00f1os con San Jos\u00e9, que est\u00e1 ah\u00ed con las manos llenas de gracia para derramar entre sus peregrinos y tambi\u00e9n para agradecer, o para pedir perd\u00f3n, uno en su coraz\u00f3n sabe lo que m\u00e1s necesita\u201d, concluy\u00f3.<\/p>\n\n\n\n<p><strong>Programa de actividades<\/strong><\/p>\n\n\n\n<p>10:00 hs: Llegada, confesiones, visitas a Carpinter\u00eda de San Jos\u00e9, ermitas, cruces. Bendiciones.<br>11:30 hs: Bautismos<br>12:00 hs: Angelus en la ermita de Schoenstat.<br><br><strong>Venta de comidas<\/strong><\/p>\n\n\n\n<p>14:00 hs: Coro M\u00e9danos y Luna de Alberto Carpio.<br>15:30 hs: Procesi\u00f3n<br>16:00 hs: Misa. Preside: Obispo Luis Mart\u00edn.<br>17:30 hs: Folclore y danzas.<\/p>\n<div class=\"sharedaddy sd-sharing-enabled\"><div class=\"robots-nocontent sd-block sd-social sd-social-icon sd-sharing\"><h3 class=\"sd-title\">Comparte esto:<\/h3><div class=\"sd-content\"><ul><li class=\"share-twitter\"><a rel=\"nofollow noopener noreferrer\" data-shared=\"sharing-twitter-48690\" class=\"share-twitter sd-button share-icon no-text\" href=\"http:\/\/www.rtvnoticias.com.ar\/?p=48690&amp;share=twitter\" target=\"_blank\" title=\"Haz clic para compartir en Twitter\"><span><\/span><span class=\"sharing-screen-reader-text\">Haz clic para compartir en Twitter (Se abre en una ventana nueva)<\/span><\/a><\/li><li class=\"share-facebook\"><a rel=\"nofollow noopener noreferrer\" data-shared=\"sharing-facebook-48690\" class=\"share-facebook sd-button share-icon no-text\" href=\"http:\/\/www.rtvnoticias.com.ar\/?p=48690&amp;share=facebook\" target=\"_blank\" title=\"Haz clic para compartir en Facebook\"><span><\/span><span class=\"sharing-screen-reader-text\">Haz clic para compartir en Facebook (Se abre en una ventana nueva)<\/span><\/a><\/li><li class=\"share-jetpack-whatsapp\"><a rel=\"nofollow noopener noreferrer\" data-shared=\"\" class=\"share-jetpack-whatsapp sd-button share-icon no-text\" href=\"http:\/\/www.rtvnoticias.com.ar\/?p=48690&amp;share=jetpack-whatsapp\" target=\"_blank\" title=\"Haz clic para compartir en WhatsApp\"><span><\/span><span class=\"sharing-screen-reader-text\">Haz clic para compartir en WhatsApp (Se abre en una ventana nueva)<\/span><\/a><\/li><li class=\"share-telegram\"><a rel=\"nofollow noopener noreferrer\" data-shared=\"\" class=\"share-telegram sd-button share-icon no-text\" href=\"http:\/\/www.rtvnoticias.com.ar\/?p=48690&amp;share=telegram\" target=\"_blank\" title=\"Haz clic para compartir en Telegram\"><span><\/span><span class=\"sharing-screen-reader-text\">Haz clic para compartir en Telegram (Se abre en una ventana nueva)<\/span><\/a><\/li><li class=\"share-end\"><\/li><\/ul><\/div><\/div><\/div>","protected":false},"excerpt":{"rendered":"<p>El pr\u00f3ximo viernes 1 de mayo (D\u00eda del Trabajador) se realizar\u00e1 la XXVII Peregrinaci\u00f3n Diocesana al Santuario de San Jos\u00e9. Se espera una gran convocatoria<\/p>\n<div class=\"sharedaddy sd-sharing-enabled\"><div class=\"robots-nocontent sd-block sd-social sd-social-icon sd-sharing\"><h3 class=\"sd-title\">Comparte esto:<\/h3><div class=\"sd-content\"><ul><li class=\"share-twitter\"><a rel=\"nofollow noopener noreferrer\" data-shared=\"sharing-twitter-48690\" class=\"share-twitter sd-button share-icon no-text\" href=\"http:\/\/www.rtvnoticias.com.ar\/?p=48690&amp;share=twitter\" target=\"_blank\" title=\"Haz clic para compartir en Twitter\"><span><\/span><span class=\"sharing-screen-reader-text\">Haz clic para compartir en Twitter (Se abre en una ventana nueva)<\/span><\/a><\/li><li class=\"share-facebook\"><a rel=\"nofollow noopener noreferrer\" data-shared=\"sharing-facebook-48690\" class=\"share-facebook sd-button share-icon no-text\" href=\"http:\/\/www.rtvnoticias.com.ar\/?p=48690&amp;share=facebook\" target=\"_blank\" title=\"Haz clic para compartir en Facebook\"><span><\/span><span class=\"sharing-screen-reader-text\">Haz clic para compartir en Facebook (Se abre en una ventana nueva)<\/span><\/a><\/li><li class=\"share-jetpack-whatsapp\"><a rel=\"nofollow noopener noreferrer\" data-shared=\"\" class=\"share-jetpack-whatsapp sd-button share-icon no-text\" href=\"http:\/\/www.rtvnoticias.com.ar\/?p=48690&amp;share=jetpack-whatsapp\" target=\"_blank\" title=\"Haz clic para compartir en WhatsApp\"><span><\/span><span class=\"sharing-screen-reader-text\">Haz clic para compartir en WhatsApp (Se abre en una ventana nueva)<\/span><\/a><\/li><li class=\"share-telegram\"><a rel=\"nofollow noopener noreferrer\" data-shared=\"\" class=\"share-telegram sd-button share-icon no-text\" href=\"http:\/\/www.rtvnoticias.com.ar\/?p=48690&amp;share=telegram\" target=\"_blank\" title=\"Haz clic para compartir en Telegram\"><span><\/span><span class=\"sharing-screen-reader-text\">Haz clic para compartir en Telegram (Se abre en una ventana nueva)<\/span><\/a><\/li><li class=\"share-end\"><\/li><\/ul><\/div><\/div><\/div>","protected":false},"author":5,"featured_media":48691,"comment_status":"closed","ping_status":"closed","sticky":false,"template":"","format":"standard","meta":{"spay_email":"","jetpack_publicize_message":"","jetpack_is_tweetstorm":false,"jetpack_publicize_feature_enabled":true},"categories":[4],"tags":[5928],"jetpack_featured_media_url":"http:\/\/www.rtvnoticias.com.ar\/wp-content\/uploads\/2026\/04\/santuario-san-jose.jpg","jetpack_publicize_connections":[],"jetpack_sharing_enabled":true,"_links":{"self":[{"href":"http:\/\/www.rtvnoticias.com.ar\/index.php?rest_route=\/wp\/v2\/posts\/48690"}],"collection":[{"href":"http:\/\/www.rtvnoticias.com.ar\/index.php?rest_route=\/wp\/v2\/posts"}],"about":[{"href":"http:\/\/www.rtvnoticias.com.ar\/index.php?rest_route=\/wp\/v2\/types\/post"}],"author":[{"embeddable":true,"href":"http:\/\/www.rtvnoticias.com.ar\/index.php?rest_route=\/wp\/v2\/users\/5"}],"replies":[{"embeddable":true,"href":"http:\/\/www.rtvnoticias.com.ar\/index.php?rest_route=%2Fwp%2Fv2%2Fcomments&post=48690"}],"version-history":[{"count":1,"href":"http:\/\/www.rtvnoticias.com.ar\/index.php?rest_route=\/wp\/v2\/posts\/48690\/revisions"}],"predecessor-version":[{"id":48693,"href":"http:\/\/www.rtvnoticias.com.ar\/index.php?rest_route=\/wp\/v2\/posts\/48690\/revisions\/48693"}],"wp:featuredmedia":[{"embeddable":true,"href":"http:\/\/www.rtvnoticias.com.ar\/index.php?rest_route=\/wp\/v2\/media\/48691"}],"wp:attachment":[{"href":"http:\/\/www.rtvnoticias.com.ar\/index.php?rest_route=%2Fwp%2Fv2%2Fmedia&parent=48690"}],"wp:term":[{"taxonomy":"category","embeddable":true,"href":"http:\/\/www.rtvnoticias.com.ar\/index.php?rest_route=%2Fwp%2Fv2%2Fcategories&post=48690"},{"taxonomy":"post_tag","embeddable":true,"href":"http:\/\/www.rtvnoticias.com.ar\/index.php?rest_route=%2Fwp%2Fv2%2Ftags&post=48690"}],"curies":[{"name":"wp","href":"https:\/\/api.w.org\/{rel}","templated":true}]}}