{"id":48697,"date":"2026-04-29T04:10:00","date_gmt":"2026-04-29T07:10:00","guid":{"rendered":"http:\/\/www.rtvnoticias.com.ar\/?p=48697"},"modified":"2026-04-28T20:17:36","modified_gmt":"2026-04-28T23:17:36","slug":"el-consejo-municipal-para-personas-discapacitadas-diseno-acciones-a-implementar-este-ano","status":"publish","type":"post","link":"http:\/\/www.rtvnoticias.com.ar\/?p=48697","title":{"rendered":"El Consejo Municipal para Personas Discapacitadas dise\u00f1o acciones a implementar este a\u00f1o"},"content":{"rendered":"\n<p>El Consejo Municipal de Pol\u00edticas P\u00fablicas para Personas con Discapacidad se reuni\u00f3 por primera vez en el a\u00f1o para comenzar a delinear las acciones y estrategias que se implementar\u00e1n a lo largo de 2026. Este organismo est\u00e1 conformado por instituciones del medio y autoridades municipales. Cada encuentro tiene como finalidad promover una mejora de la calidad de vida de las y los piquenses con discapacidad y fomentar sus derechos.<\/p>\n\n\n\n<p>En la reciente sesi\u00f3n se abordaron diferentes puntos, como la programaci\u00f3n de un relevamiento de personas con discapacidad en la ciudad, la identificaci\u00f3n de las principales barreras existentes y el an\u00e1lisis de posibles labores para abordarlas.<\/p>\n\n\n\n<p>Con propuestas y sugerencias del grupo, se conformaron las comisiones de trabajo.<\/p>\n\n\n\n<p><strong>Trabajo interdisciplinario<\/strong><\/p>\n\n\n\n<p>Con respecto a ello, Ivana P\u00e9rez Santill\u00e1n, directora de Familia, dijo: \u201cEsta primera jornada gir\u00f3 en torno a los derechos: las personas con discapacidad tienen derecho a una vida plena e independiente, con igualdad de oportunidades y sin discriminaci\u00f3n. Gozan de derechos fundamentales como el respeto a su dignidad, la accesibilidad universal, salud, educaci\u00f3n, trabajo y a tomar sus propias decisiones\u201d.<\/p>\n\n\n\n<p>En esta l\u00ednea, indic\u00f3 que \u201clos mismos se encuentran garantizados por la Convenci\u00f3n sobre los Derechos de las Personas con Discapacidad, normativa con la cual trabaja el equipo de la Secretar\u00eda de Desarrollo Social\u201d.<\/p>\n\n\n\n<p>\u201cA partir de la puesta en com\u00fan realizada, se evidencia la necesidad de realizar capacitaciones en el trato adecuado hacia este sector de la sociedad, que promueva el respeto y la inclusi\u00f3n. Este proyecto ser\u00e1 implementado con un cronograma estipulado, comenzando por las dependencias municipales\u201d, a\u00f1adi\u00f3.<\/p>\n\n\n\n<p>Se\u00f1al\u00f3 que las y los integrantes concluyeron en que \u201ces imperioso acercar la tem\u00e1tica a la comunidad en general y sumar participaci\u00f3n activa junto a representantes de distintas \u00e1reas. Con ello buscamos que las personas con discapacidad puedan ser parte de las decisiones\u201d.<\/p>\n<div class=\"sharedaddy sd-sharing-enabled\"><div class=\"robots-nocontent sd-block sd-social sd-social-icon sd-sharing\"><h3 class=\"sd-title\">Comparte esto:<\/h3><div class=\"sd-content\"><ul><li class=\"share-twitter\"><a rel=\"nofollow noopener noreferrer\" data-shared=\"sharing-twitter-48697\" class=\"share-twitter sd-button share-icon no-text\" href=\"http:\/\/www.rtvnoticias.com.ar\/?p=48697&amp;share=twitter\" target=\"_blank\" title=\"Haz clic para compartir en Twitter\"><span><\/span><span class=\"sharing-screen-reader-text\">Haz clic para compartir en Twitter (Se abre en una ventana nueva)<\/span><\/a><\/li><li class=\"share-facebook\"><a rel=\"nofollow noopener noreferrer\" data-shared=\"sharing-facebook-48697\" class=\"share-facebook sd-button share-icon no-text\" href=\"http:\/\/www.rtvnoticias.com.ar\/?p=48697&amp;share=facebook\" target=\"_blank\" title=\"Haz clic para compartir en Facebook\"><span><\/span><span class=\"sharing-screen-reader-text\">Haz clic para compartir en Facebook (Se abre en una ventana nueva)<\/span><\/a><\/li><li class=\"share-jetpack-whatsapp\"><a rel=\"nofollow noopener noreferrer\" data-shared=\"\" class=\"share-jetpack-whatsapp sd-button share-icon no-text\" href=\"http:\/\/www.rtvnoticias.com.ar\/?p=48697&amp;share=jetpack-whatsapp\" target=\"_blank\" title=\"Haz clic para compartir en WhatsApp\"><span><\/span><span class=\"sharing-screen-reader-text\">Haz clic para compartir en WhatsApp (Se abre en una ventana nueva)<\/span><\/a><\/li><li class=\"share-telegram\"><a rel=\"nofollow noopener noreferrer\" data-shared=\"\" class=\"share-telegram sd-button share-icon no-text\" href=\"http:\/\/www.rtvnoticias.com.ar\/?p=48697&amp;share=telegram\" target=\"_blank\" title=\"Haz clic para compartir en Telegram\"><span><\/span><span class=\"sharing-screen-reader-text\">Haz clic para compartir en Telegram (Se abre en una ventana nueva)<\/span><\/a><\/li><li class=\"share-end\"><\/li><\/ul><\/div><\/div><\/div>","protected":false},"excerpt":{"rendered":"<p>El Consejo Municipal de Pol\u00edticas P\u00fablicas para Personas con Discapacidad se reuni\u00f3 por primera vez en el a\u00f1o para comenzar a delinear las acciones y<\/p>\n<div class=\"sharedaddy sd-sharing-enabled\"><div class=\"robots-nocontent sd-block sd-social sd-social-icon sd-sharing\"><h3 class=\"sd-title\">Comparte esto:<\/h3><div class=\"sd-content\"><ul><li class=\"share-twitter\"><a rel=\"nofollow noopener noreferrer\" data-shared=\"sharing-twitter-48697\" class=\"share-twitter sd-button share-icon no-text\" href=\"http:\/\/www.rtvnoticias.com.ar\/?p=48697&amp;share=twitter\" target=\"_blank\" title=\"Haz clic para compartir en Twitter\"><span><\/span><span class=\"sharing-screen-reader-text\">Haz clic para compartir en Twitter (Se abre en una ventana nueva)<\/span><\/a><\/li><li class=\"share-facebook\"><a rel=\"nofollow noopener noreferrer\" data-shared=\"sharing-facebook-48697\" class=\"share-facebook sd-button share-icon no-text\" href=\"http:\/\/www.rtvnoticias.com.ar\/?p=48697&amp;share=facebook\" target=\"_blank\" title=\"Haz clic para compartir en Facebook\"><span><\/span><span class=\"sharing-screen-reader-text\">Haz clic para compartir en Facebook (Se abre en una ventana nueva)<\/span><\/a><\/li><li class=\"share-jetpack-whatsapp\"><a rel=\"nofollow noopener noreferrer\" data-shared=\"\" class=\"share-jetpack-whatsapp sd-button share-icon no-text\" href=\"http:\/\/www.rtvnoticias.com.ar\/?p=48697&amp;share=jetpack-whatsapp\" target=\"_blank\" title=\"Haz clic para compartir en WhatsApp\"><span><\/span><span class=\"sharing-screen-reader-text\">Haz clic para compartir en WhatsApp (Se abre en una ventana nueva)<\/span><\/a><\/li><li class=\"share-telegram\"><a rel=\"nofollow noopener noreferrer\" data-shared=\"\" class=\"share-telegram sd-button share-icon no-text\" href=\"http:\/\/www.rtvnoticias.com.ar\/?p=48697&amp;share=telegram\" target=\"_blank\" title=\"Haz clic para compartir en Telegram\"><span><\/span><span class=\"sharing-screen-reader-text\">Haz clic para compartir en Telegram (Se abre en una ventana nueva)<\/span><\/a><\/li><li class=\"share-end\"><\/li><\/ul><\/div><\/div><\/div>","protected":false},"author":5,"featured_media":48698,"comment_status":"closed","ping_status":"closed","sticky":false,"template":"","format":"standard","meta":{"spay_email":"","jetpack_publicize_message":"","jetpack_is_tweetstorm":false,"jetpack_publicize_feature_enabled":true},"categories":[3],"tags":[],"jetpack_featured_media_url":"http:\/\/www.rtvnoticias.com.ar\/wp-content\/uploads\/2026\/04\/Consejo-discapacidad.jpg","jetpack_publicize_connections":[],"jetpack_sharing_enabled":true,"_links":{"self":[{"href":"http:\/\/www.rtvnoticias.com.ar\/index.php?rest_route=\/wp\/v2\/posts\/48697"}],"collection":[{"href":"http:\/\/www.rtvnoticias.com.ar\/index.php?rest_route=\/wp\/v2\/posts"}],"about":[{"href":"http:\/\/www.rtvnoticias.com.ar\/index.php?rest_route=\/wp\/v2\/types\/post"}],"author":[{"embeddable":true,"href":"http:\/\/www.rtvnoticias.com.ar\/index.php?rest_route=\/wp\/v2\/users\/5"}],"replies":[{"embeddable":true,"href":"http:\/\/www.rtvnoticias.com.ar\/index.php?rest_route=%2Fwp%2Fv2%2Fcomments&post=48697"}],"version-history":[{"count":1,"href":"http:\/\/www.rtvnoticias.com.ar\/index.php?rest_route=\/wp\/v2\/posts\/48697\/revisions"}],"predecessor-version":[{"id":48699,"href":"http:\/\/www.rtvnoticias.com.ar\/index.php?rest_route=\/wp\/v2\/posts\/48697\/revisions\/48699"}],"wp:featuredmedia":[{"embeddable":true,"href":"http:\/\/www.rtvnoticias.com.ar\/index.php?rest_route=\/wp\/v2\/media\/48698"}],"wp:attachment":[{"href":"http:\/\/www.rtvnoticias.com.ar\/index.php?rest_route=%2Fwp%2Fv2%2Fmedia&parent=48697"}],"wp:term":[{"taxonomy":"category","embeddable":true,"href":"http:\/\/www.rtvnoticias.com.ar\/index.php?rest_route=%2Fwp%2Fv2%2Fcategories&post=48697"},{"taxonomy":"post_tag","embeddable":true,"href":"http:\/\/www.rtvnoticias.com.ar\/index.php?rest_route=%2Fwp%2Fv2%2Ftags&post=48697"}],"curies":[{"name":"wp","href":"https:\/\/api.w.org\/{rel}","templated":true}]}}