{"id":48702,"date":"2026-04-29T20:15:56","date_gmt":"2026-04-29T23:15:56","guid":{"rendered":"http:\/\/www.rtvnoticias.com.ar\/?p=48702"},"modified":"2026-04-29T20:16:02","modified_gmt":"2026-04-29T23:16:02","slug":"adorni-hablo-en-diputados-con-el-respaldo-de-milei-y-desafio-a-la-oposicion-no-voy-a-renunciar","status":"publish","type":"post","link":"http:\/\/www.rtvnoticias.com.ar\/?p=48702","title":{"rendered":"Adorni habl\u00f3 en Diputados con el respaldo de Milei y desafi\u00f3 a la oposici\u00f3n: \u201cNo voy a renunciar\u201d"},"content":{"rendered":"\n<p>El Jefe de Gabinete, Manuel Adorni, atraves\u00f3 este martes una de sus jornadas pol\u00edticas m\u00e1s sensibles desde que asumi\u00f3 como jefe de Gabinete. En una sesi\u00f3n cargada de tensi\u00f3n en la C\u00e1mara de Diputados, el funcionario se plant\u00f3 ante la oposici\u00f3n, rechaz\u00f3 las acusaciones en su contra y lanz\u00f3 una frase contundente: \u201cNo voy a renunciar\u201d. Confirm\u00f3 que Naci\u00f3n no tiene previsto transferir rutas nacionales a La Pampa.<\/p>\n\n\n\n<p>El funcionario cont\u00f3 con una fuerte se\u00f1al de respaldo del presidente Javier Milei, quien asisti\u00f3 al Congreso junto a Karina Milei y la totalidad de los ministros nacionales. La presencia del gabinete completo busc\u00f3 exhibir unidad pol\u00edtica frente a las denuncias y cuestionamientos que vienen golpeando al vocero presidencial reconvertido en jefe de ministros.<\/p>\n\n\n\n<p>Durante m\u00e1s de una hora de exposici\u00f3n inicial, Adorni defendi\u00f3 la gesti\u00f3n econ\u00f3mica del Gobierno, destac\u00f3 la baja de la inflaci\u00f3n, el equilibrio fiscal y la pol\u00edtica de orden p\u00fablico. Sin embargo, el centro de la escena estuvo puesto en las sospechas vinculadas a su situaci\u00f3n patrimonial y a viajes realizados con su entorno familiar.<\/p>\n\n\n\n<p>\u201cTodas las cuestiones que forman parte de una causa judicial deben resolverse en ese \u00e1mbito. No comet\u00ed ning\u00fan delito y voy a probarlo en la Justicia\u201d, sostuvo con tono firme ante un recinto colmado y bajo la mirada del Presidente desde los palcos.<\/p>\n\n\n\n<p><strong>Las explicaciones sobre patrimonio y viajes<\/strong><\/p>\n\n\n\n<p>Uno de los ejes m\u00e1s calientes de la sesi\u00f3n fue el pedido opositor para que aclarara el origen de fondos y movimientos patrimoniales. Adorni respondi\u00f3 que toda su situaci\u00f3n ser\u00e1 detallada en la declaraci\u00f3n jurada correspondiente, cuyo plazo legal a\u00fan no venci\u00f3. Adem\u00e1s, adelant\u00f3 que presentar\u00e1 documentaci\u00f3n ante la Justicia.<\/p>\n\n\n\n<p>Sobre los viajes al exterior realizados junto a familiares, neg\u00f3 cualquier beneficio irregular. Se\u00f1al\u00f3 que fueron solventados con recursos propios y que no existieron gastos a cargo del Estado nacional. Tambi\u00e9n defendi\u00f3 la presencia de su esposa en una gira oficial a Estados Unidos, al asegurar que se trat\u00f3 de una decisi\u00f3n administrativa v\u00e1lida y sin erogaciones p\u00fablicas.<\/p>\n\n\n\n<p><strong>Cruces y clima caliente en el recinto<\/strong><\/p>\n\n\n\n<p>La jornada tuvo momentos de m\u00e1xima tensi\u00f3n, especialmente con legisladores del Frente de Izquierda y de Uni\u00f3n por la Patria. Hubo gritos, interrupciones y acusaciones cruzadas. Adorni respondi\u00f3 con dureza y, en uno de los pasajes m\u00e1s comentados, retruc\u00f3: \u201cUstedes no tienen derecho a pedirle explicaciones judiciales a nadie\u201d.<\/p>\n\n\n\n<p>Milei tambi\u00e9n protagoniz\u00f3 escenas pol\u00e9micas en los pasillos del Congreso. Consultado por periodistas sobre la situaci\u00f3n de Adorni, respondi\u00f3 con insultos y acusaciones de corrupci\u00f3n hacia la prensa.<\/p>\n\n\n\n<p>La oposici\u00f3n habl\u00f3 de respuestas incompletas<br>Pese a la firmeza oficialista, desde distintos bloques opositores cuestionaron el contenido de la presentaci\u00f3n. Se\u00f1alaron que persisten dudas sobre el crecimiento patrimonial del funcionario, la devoluci\u00f3n de pr\u00e9stamos y el financiamiento de viajes particulares.<\/p>\n\n\n\n<p>Tambi\u00e9n remarcaron que la sesi\u00f3n funcion\u00f3 como una \u201cinterpelaci\u00f3n encubierta\u201d, ya que el oficialismo logr\u00f3 bloquear previamente intentos formales para citarlo exclusivamente por las denuncias en su contra.<\/p>\n\n\n\n<p><strong>No est\u00e1 previsto transferir las rutas nacionales a La Pampa<\/strong><\/p>\n\n\n\n<p>El jefe de Gabinete de la Naci\u00f3n, Manuel Adorni, afirm\u00f3 este mi\u00e9rcoles en su informe ante el Congreso Nacional que Vialidad Nacional no tiene en tr\u00e1mite la transferencia de rutas nacionales a la provincia de La Pampa. \u201cNo se encuentra en tr\u00e1mite de transferir a la Provincia de La Pampa el mantenimiento y\/o ejecuci\u00f3n de obras sobre rutas nacionales\u201d, dijo.<\/p>\n<div class=\"sharedaddy sd-sharing-enabled\"><div class=\"robots-nocontent sd-block sd-social sd-social-icon sd-sharing\"><h3 class=\"sd-title\">Comparte esto:<\/h3><div class=\"sd-content\"><ul><li class=\"share-twitter\"><a rel=\"nofollow noopener noreferrer\" data-shared=\"sharing-twitter-48702\" class=\"share-twitter sd-button share-icon no-text\" href=\"http:\/\/www.rtvnoticias.com.ar\/?p=48702&amp;share=twitter\" target=\"_blank\" title=\"Haz clic para compartir en Twitter\"><span><\/span><span class=\"sharing-screen-reader-text\">Haz clic para compartir en Twitter (Se abre en una ventana nueva)<\/span><\/a><\/li><li class=\"share-facebook\"><a rel=\"nofollow noopener noreferrer\" data-shared=\"sharing-facebook-48702\" class=\"share-facebook sd-button share-icon no-text\" href=\"http:\/\/www.rtvnoticias.com.ar\/?p=48702&amp;share=facebook\" target=\"_blank\" title=\"Haz clic para compartir en Facebook\"><span><\/span><span class=\"sharing-screen-reader-text\">Haz clic para compartir en Facebook (Se abre en una ventana nueva)<\/span><\/a><\/li><li class=\"share-jetpack-whatsapp\"><a rel=\"nofollow noopener noreferrer\" data-shared=\"\" class=\"share-jetpack-whatsapp sd-button share-icon no-text\" href=\"http:\/\/www.rtvnoticias.com.ar\/?p=48702&amp;share=jetpack-whatsapp\" target=\"_blank\" title=\"Haz clic para compartir en WhatsApp\"><span><\/span><span class=\"sharing-screen-reader-text\">Haz clic para compartir en WhatsApp (Se abre en una ventana nueva)<\/span><\/a><\/li><li class=\"share-telegram\"><a rel=\"nofollow noopener noreferrer\" data-shared=\"\" class=\"share-telegram sd-button share-icon no-text\" href=\"http:\/\/www.rtvnoticias.com.ar\/?p=48702&amp;share=telegram\" target=\"_blank\" title=\"Haz clic para compartir en Telegram\"><span><\/span><span class=\"sharing-screen-reader-text\">Haz clic para compartir en Telegram (Se abre en una ventana nueva)<\/span><\/a><\/li><li class=\"share-end\"><\/li><\/ul><\/div><\/div><\/div>","protected":false},"excerpt":{"rendered":"<p>El Jefe de Gabinete, Manuel Adorni, atraves\u00f3 este martes una de sus jornadas pol\u00edticas m\u00e1s sensibles desde que asumi\u00f3 como jefe de Gabinete. En una<\/p>\n<div class=\"sharedaddy sd-sharing-enabled\"><div class=\"robots-nocontent sd-block sd-social sd-social-icon sd-sharing\"><h3 class=\"sd-title\">Comparte esto:<\/h3><div class=\"sd-content\"><ul><li class=\"share-twitter\"><a rel=\"nofollow noopener noreferrer\" data-shared=\"sharing-twitter-48702\" class=\"share-twitter sd-button share-icon no-text\" href=\"http:\/\/www.rtvnoticias.com.ar\/?p=48702&amp;share=twitter\" target=\"_blank\" title=\"Haz clic para compartir en Twitter\"><span><\/span><span class=\"sharing-screen-reader-text\">Haz clic para compartir en Twitter (Se abre en una ventana nueva)<\/span><\/a><\/li><li class=\"share-facebook\"><a rel=\"nofollow noopener noreferrer\" data-shared=\"sharing-facebook-48702\" class=\"share-facebook sd-button share-icon no-text\" href=\"http:\/\/www.rtvnoticias.com.ar\/?p=48702&amp;share=facebook\" target=\"_blank\" title=\"Haz clic para compartir en Facebook\"><span><\/span><span class=\"sharing-screen-reader-text\">Haz clic para compartir en Facebook (Se abre en una ventana nueva)<\/span><\/a><\/li><li class=\"share-jetpack-whatsapp\"><a rel=\"nofollow noopener noreferrer\" data-shared=\"\" class=\"share-jetpack-whatsapp sd-button share-icon no-text\" href=\"http:\/\/www.rtvnoticias.com.ar\/?p=48702&amp;share=jetpack-whatsapp\" target=\"_blank\" title=\"Haz clic para compartir en WhatsApp\"><span><\/span><span class=\"sharing-screen-reader-text\">Haz clic para compartir en WhatsApp (Se abre en una ventana nueva)<\/span><\/a><\/li><li class=\"share-telegram\"><a rel=\"nofollow noopener noreferrer\" data-shared=\"\" class=\"share-telegram sd-button share-icon no-text\" href=\"http:\/\/www.rtvnoticias.com.ar\/?p=48702&amp;share=telegram\" target=\"_blank\" title=\"Haz clic para compartir en Telegram\"><span><\/span><span class=\"sharing-screen-reader-text\">Haz clic para compartir en Telegram (Se abre en una ventana nueva)<\/span><\/a><\/li><li class=\"share-end\"><\/li><\/ul><\/div><\/div><\/div>","protected":false},"author":5,"featured_media":48703,"comment_status":"closed","ping_status":"closed","sticky":false,"template":"","format":"standard","meta":{"spay_email":"","jetpack_publicize_message":"","jetpack_is_tweetstorm":false,"jetpack_publicize_feature_enabled":true},"categories":[5],"tags":[5929],"jetpack_featured_media_url":"http:\/\/www.rtvnoticias.com.ar\/wp-content\/uploads\/2026\/04\/adorni-diputados.jpg","jetpack_publicize_connections":[],"jetpack_sharing_enabled":true,"_links":{"self":[{"href":"http:\/\/www.rtvnoticias.com.ar\/index.php?rest_route=\/wp\/v2\/posts\/48702"}],"collection":[{"href":"http:\/\/www.rtvnoticias.com.ar\/index.php?rest_route=\/wp\/v2\/posts"}],"about":[{"href":"http:\/\/www.rtvnoticias.com.ar\/index.php?rest_route=\/wp\/v2\/types\/post"}],"author":[{"embeddable":true,"href":"http:\/\/www.rtvnoticias.com.ar\/index.php?rest_route=\/wp\/v2\/users\/5"}],"replies":[{"embeddable":true,"href":"http:\/\/www.rtvnoticias.com.ar\/index.php?rest_route=%2Fwp%2Fv2%2Fcomments&post=48702"}],"version-history":[{"count":1,"href":"http:\/\/www.rtvnoticias.com.ar\/index.php?rest_route=\/wp\/v2\/posts\/48702\/revisions"}],"predecessor-version":[{"id":48704,"href":"http:\/\/www.rtvnoticias.com.ar\/index.php?rest_route=\/wp\/v2\/posts\/48702\/revisions\/48704"}],"wp:featuredmedia":[{"embeddable":true,"href":"http:\/\/www.rtvnoticias.com.ar\/index.php?rest_route=\/wp\/v2\/media\/48703"}],"wp:attachment":[{"href":"http:\/\/www.rtvnoticias.com.ar\/index.php?rest_route=%2Fwp%2Fv2%2Fmedia&parent=48702"}],"wp:term":[{"taxonomy":"category","embeddable":true,"href":"http:\/\/www.rtvnoticias.com.ar\/index.php?rest_route=%2Fwp%2Fv2%2Fcategories&post=48702"},{"taxonomy":"post_tag","embeddable":true,"href":"http:\/\/www.rtvnoticias.com.ar\/index.php?rest_route=%2Fwp%2Fv2%2Ftags&post=48702"}],"curies":[{"name":"wp","href":"https:\/\/api.w.org\/{rel}","templated":true}]}}