{"id":48708,"date":"2026-04-30T17:29:23","date_gmt":"2026-04-30T20:29:23","guid":{"rendered":"http:\/\/www.rtvnoticias.com.ar\/?p=48708"},"modified":"2026-04-30T18:26:23","modified_gmt":"2026-04-30T21:26:23","slug":"garantizars-el-acceso-a-una-vivienda-es-un-acto-de-justicia-social-dijo-fernanda-alonso","status":"publish","type":"post","link":"http:\/\/www.rtvnoticias.com.ar\/?p=48708","title":{"rendered":"\u201cGarantizar el acceso a una vivienda es un acto de justicia social\u00bb, dijo Fernanda Alonso"},"content":{"rendered":"\n<p>La intendenta Fernanda Alonso particip\u00f3 de una nueva entrega de viviendas correspondientes al programa provincial Casa Propia \u201cConstruir Futuro\u201d, mediante la cual 92 adjudicatarias y adjudicatarios de General Pico accedieron a su nuevo hogar. El sorteo p\u00fablico se hab\u00eda realizado previamente el pasado 8 de abril, en el que tambi\u00e9n se inform\u00f3 la adjudicaci\u00f3n de manera directa de cuatro casas accesibles, comprendidas dentro del total, garantizando condiciones adecuadas para personas con discapacidad.<\/p>\n\n\n\n<p>Las obras se concretaron en un sector del barrio Rucci, en inmediaciones de calles 304 y 333, en un \u00e1rea complementaria a la zona donde recientemente el IPAV entreg\u00f3 otras 108 unidades, consolidando as\u00ed el crecimiento urbano y el acceso a soluciones habitacionales en la ciudad.<\/p>\n\n\n\n<figure class=\"wp-block-image size-full\"><img data-attachment-id=\"48712\" data-permalink=\"http:\/\/www.rtvnoticias.com.ar\/?attachment_id=48712\" data-orig-file=\"http:\/\/www.rtvnoticias.com.ar\/wp-content\/uploads\/2026\/04\/Entrega-viviendas1.jpg\" data-orig-size=\"600,338\" data-comments-opened=\"0\" data-image-meta=\"{&quot;aperture&quot;:&quot;0&quot;,&quot;credit&quot;:&quot;&quot;,&quot;camera&quot;:&quot;&quot;,&quot;caption&quot;:&quot;&quot;,&quot;created_timestamp&quot;:&quot;0&quot;,&quot;copyright&quot;:&quot;&quot;,&quot;focal_length&quot;:&quot;0&quot;,&quot;iso&quot;:&quot;0&quot;,&quot;shutter_speed&quot;:&quot;0&quot;,&quot;title&quot;:&quot;&quot;,&quot;orientation&quot;:&quot;1&quot;}\" data-image-title=\"Entrega-viviendas1\" data-image-description=\"\" data-image-caption=\"\" data-medium-file=\"http:\/\/www.rtvnoticias.com.ar\/wp-content\/uploads\/2026\/04\/Entrega-viviendas1-300x169.jpg\" data-large-file=\"http:\/\/www.rtvnoticias.com.ar\/wp-content\/uploads\/2026\/04\/Entrega-viviendas1.jpg\" decoding=\"async\" loading=\"lazy\" width=\"600\" height=\"338\" src=\"http:\/\/www.rtvnoticias.com.ar\/wp-content\/uploads\/2026\/04\/Entrega-viviendas1.jpg\" alt=\"\" class=\"wp-image-48712\" srcset=\"http:\/\/www.rtvnoticias.com.ar\/wp-content\/uploads\/2026\/04\/Entrega-viviendas1.jpg 600w, http:\/\/www.rtvnoticias.com.ar\/wp-content\/uploads\/2026\/04\/Entrega-viviendas1-300x169.jpg 300w\" sizes=\"(max-width: 600px) 100vw, 600px\" \/><\/figure>\n\n\n\n<p><strong>Pol\u00edtica habitacional<\/strong><\/p>\n\n\n\n<p>Al respecto, la intendenta Fernanda Alonso indic\u00f3: \u201cLo que est\u00e1 haciendo el Gobierno provincial, a trav\u00e9s de su pol\u00edtica sostenida en lo habitacional, es un acto de justicia. Garantizar el acceso a una vivienda es un acto de justicia social, como lo ha sabido sostener gesti\u00f3n tras gesti\u00f3n, desde el recupero de la democracia\u201d.<\/p>\n\n\n\n<p>\u201cMuchos de los que estamos aqu\u00ed, compartiendo este acto, nos hemos criado y hemos construido nuestros hogares de esa manera. Con gran orgullo digo esto, desde lo personal, sintiendo esa inmensa emoci\u00f3n que hoy cada uno y una de ustedes tienen\u201d, ampli\u00f3.<\/p>\n\n\n\n<p>\u201cPor primera vez van a ingresar a su nuevo lugar, a esas viviendas que entrega el Estado, donde cada uno de sus ni\u00f1os y ni\u00f1as va a tener su habitaci\u00f3n, su espacio, la posibilidad de compartir vivencias \u00fanicas que quedar\u00e1n marcadas para siempre. Es un antes y un despu\u00e9s\u201d.<\/p>\n\n\n\n<p>Por otra parte, afirm\u00f3: \u201cTambi\u00e9n hay otra situaci\u00f3n, con tantas otras familias que est\u00e1n a la espera. Esto nos preocupa y ocupa permanentemente, siendo la demanda m\u00e1s sostenida que tenemos en el \u00e1mbito municipal y tambi\u00e9n en el IPAV. Y la verdad es que no estamos logrando garantizarlo porque no tenemos el acompa\u00f1amiento del Gobierno nacional como ocurri\u00f3 en gestiones anteriores\u201d.<\/p>\n\n\n\n<p>Agreg\u00f3 que \u201cesta es la realidad que nos toca vivir, pero no vamos a claudicar en nuestro esfuerzo y gestiones. Vamos a seguir trabajando para que siempre haya respuestas, en funci\u00f3n de nuestro alcance y de nuestros recursos, que obviamente son finitos\u201d.<\/p>\n\n\n\n<p>\u201cNo vamos a dejar de estar del lado de quienes lo necesiten, de atender las situaciones que ameriten la presencia del Estado, porque nosotros entendemos que es as\u00ed, es con la gente adentro, es poni\u00e9ndonos emp\u00e1ticamente en \u00e9se lugar, porque cuando uno lo vive, sabe de qu\u00e9 se trata\u201d, manifest\u00f3.<\/p>\n\n\n\n<p>Por \u00faltimo, dese\u00f3 \u201cmuch\u00edsima fuerza para lo que viene y les pedimos el compromiso de pagar esas cuotas, que eso va a permitir sostener ingresos para que IPAV pueda seguir pensando en pol\u00edticas habitacionales en La Pampa\u201d.<\/p>\n\n\n\n<p>En tanto, la presidenta del Instituto Provincial Aut\u00e1rquico de Vivienda, \u00c9rica Riboyra, se\u00f1al\u00f3: \u201cEs uno de esos d\u00edas que trascienden la gesti\u00f3n, que va a quedar grabado en la memoria de muchas familias de General Pico que comienzan una nueva vida sabiendo que tienen un lugar seguro al volver a casa\u201d.<\/p>\n\n\n\n<p>\u201cPero esto no es casualidad, es una decisi\u00f3n pol\u00edtica. Nos toc\u00f3 en esta gesti\u00f3n hacer frente a la terminaci\u00f3n de las obras, que estaban al 20% de su desarrollo, pero que se hicieron realidad por una ley que impuls\u00f3 el Poder Ejecutivo y que fue posible gracias a diputados provinciales\u201d, a\u00f1adi\u00f3.<\/p>\n\n\n\n<p>Concluy\u00f3 aseverando que \u201ces hermoso poder estar ac\u00e1, compartiendo este momento, pero les puedo asegurar que me llena mucho m\u00e1s al alma cuando pueden dormir tranquilos en su propia casa. Esa es nuestra felicidad, su felicidad\u201d.<\/p>\n\n\n\n<p>A su turno, Lis Cardozo, vecina y beneficiaria, dijo: \u201cQuiero expresar, en nombre de mi familia, un enorme agradecimiento al Gobierno de la Provincia de La Pampa por hacer posible este sue\u00f1o tan esperado. Tambi\u00e9n quiero destacar y agradecer a la intendenta Fernanda Alonso, porque esto no es casualidad, es estar presente y dar respuesta para el bienestar social\u201d. <\/p>\n\n\n\n<p>Participaron tambi\u00e9n del acto la vicegobernadora Alicia Mayoral, diputados provinciales y concejales de la ciudad.<\/p>\n<div class=\"sharedaddy sd-sharing-enabled\"><div class=\"robots-nocontent sd-block sd-social sd-social-icon sd-sharing\"><h3 class=\"sd-title\">Comparte esto:<\/h3><div class=\"sd-content\"><ul><li class=\"share-twitter\"><a rel=\"nofollow noopener noreferrer\" data-shared=\"sharing-twitter-48708\" class=\"share-twitter sd-button share-icon no-text\" href=\"http:\/\/www.rtvnoticias.com.ar\/?p=48708&amp;share=twitter\" target=\"_blank\" title=\"Haz clic para compartir en Twitter\"><span><\/span><span class=\"sharing-screen-reader-text\">Haz clic para compartir en Twitter (Se abre en una ventana nueva)<\/span><\/a><\/li><li class=\"share-facebook\"><a rel=\"nofollow noopener noreferrer\" data-shared=\"sharing-facebook-48708\" class=\"share-facebook sd-button share-icon no-text\" href=\"http:\/\/www.rtvnoticias.com.ar\/?p=48708&amp;share=facebook\" target=\"_blank\" title=\"Haz clic para compartir en Facebook\"><span><\/span><span class=\"sharing-screen-reader-text\">Haz clic para compartir en Facebook (Se abre en una ventana nueva)<\/span><\/a><\/li><li class=\"share-jetpack-whatsapp\"><a rel=\"nofollow noopener noreferrer\" data-shared=\"\" class=\"share-jetpack-whatsapp sd-button share-icon no-text\" href=\"http:\/\/www.rtvnoticias.com.ar\/?p=48708&amp;share=jetpack-whatsapp\" target=\"_blank\" title=\"Haz clic para compartir en WhatsApp\"><span><\/span><span class=\"sharing-screen-reader-text\">Haz clic para compartir en WhatsApp (Se abre en una ventana nueva)<\/span><\/a><\/li><li class=\"share-telegram\"><a rel=\"nofollow noopener noreferrer\" data-shared=\"\" class=\"share-telegram sd-button share-icon no-text\" href=\"http:\/\/www.rtvnoticias.com.ar\/?p=48708&amp;share=telegram\" target=\"_blank\" title=\"Haz clic para compartir en Telegram\"><span><\/span><span class=\"sharing-screen-reader-text\">Haz clic para compartir en Telegram (Se abre en una ventana nueva)<\/span><\/a><\/li><li class=\"share-end\"><\/li><\/ul><\/div><\/div><\/div>","protected":false},"excerpt":{"rendered":"<p>La intendenta Fernanda Alonso particip\u00f3 de una nueva entrega de viviendas correspondientes al programa provincial Casa Propia \u201cConstruir Futuro\u201d, mediante la cual 92 adjudicatarias y<\/p>\n<div class=\"sharedaddy sd-sharing-enabled\"><div class=\"robots-nocontent sd-block sd-social sd-social-icon sd-sharing\"><h3 class=\"sd-title\">Comparte esto:<\/h3><div class=\"sd-content\"><ul><li class=\"share-twitter\"><a rel=\"nofollow noopener noreferrer\" data-shared=\"sharing-twitter-48708\" class=\"share-twitter sd-button share-icon no-text\" href=\"http:\/\/www.rtvnoticias.com.ar\/?p=48708&amp;share=twitter\" target=\"_blank\" title=\"Haz clic para compartir en Twitter\"><span><\/span><span class=\"sharing-screen-reader-text\">Haz clic para compartir en Twitter (Se abre en una ventana nueva)<\/span><\/a><\/li><li class=\"share-facebook\"><a rel=\"nofollow noopener noreferrer\" data-shared=\"sharing-facebook-48708\" class=\"share-facebook sd-button share-icon no-text\" href=\"http:\/\/www.rtvnoticias.com.ar\/?p=48708&amp;share=facebook\" target=\"_blank\" title=\"Haz clic para compartir en Facebook\"><span><\/span><span class=\"sharing-screen-reader-text\">Haz clic para compartir en Facebook (Se abre en una ventana nueva)<\/span><\/a><\/li><li class=\"share-jetpack-whatsapp\"><a rel=\"nofollow noopener noreferrer\" data-shared=\"\" class=\"share-jetpack-whatsapp sd-button share-icon no-text\" href=\"http:\/\/www.rtvnoticias.com.ar\/?p=48708&amp;share=jetpack-whatsapp\" target=\"_blank\" title=\"Haz clic para compartir en WhatsApp\"><span><\/span><span class=\"sharing-screen-reader-text\">Haz clic para compartir en WhatsApp (Se abre en una ventana nueva)<\/span><\/a><\/li><li class=\"share-telegram\"><a rel=\"nofollow noopener noreferrer\" data-shared=\"\" class=\"share-telegram sd-button share-icon no-text\" href=\"http:\/\/www.rtvnoticias.com.ar\/?p=48708&amp;share=telegram\" target=\"_blank\" title=\"Haz clic para compartir en Telegram\"><span><\/span><span class=\"sharing-screen-reader-text\">Haz clic para compartir en Telegram (Se abre en una ventana nueva)<\/span><\/a><\/li><li class=\"share-end\"><\/li><\/ul><\/div><\/div><\/div>","protected":false},"author":5,"featured_media":48709,"comment_status":"closed","ping_status":"closed","sticky":false,"template":"","format":"standard","meta":{"spay_email":"","jetpack_publicize_message":"","jetpack_is_tweetstorm":false,"jetpack_publicize_feature_enabled":true},"categories":[3],"tags":[411],"jetpack_featured_media_url":"http:\/\/www.rtvnoticias.com.ar\/wp-content\/uploads\/2026\/04\/Entrega-viviendas4.jpg","jetpack_publicize_connections":[],"jetpack_sharing_enabled":true,"_links":{"self":[{"href":"http:\/\/www.rtvnoticias.com.ar\/index.php?rest_route=\/wp\/v2\/posts\/48708"}],"collection":[{"href":"http:\/\/www.rtvnoticias.com.ar\/index.php?rest_route=\/wp\/v2\/posts"}],"about":[{"href":"http:\/\/www.rtvnoticias.com.ar\/index.php?rest_route=\/wp\/v2\/types\/post"}],"author":[{"embeddable":true,"href":"http:\/\/www.rtvnoticias.com.ar\/index.php?rest_route=\/wp\/v2\/users\/5"}],"replies":[{"embeddable":true,"href":"http:\/\/www.rtvnoticias.com.ar\/index.php?rest_route=%2Fwp%2Fv2%2Fcomments&post=48708"}],"version-history":[{"count":3,"href":"http:\/\/www.rtvnoticias.com.ar\/index.php?rest_route=\/wp\/v2\/posts\/48708\/revisions"}],"predecessor-version":[{"id":48715,"href":"http:\/\/www.rtvnoticias.com.ar\/index.php?rest_route=\/wp\/v2\/posts\/48708\/revisions\/48715"}],"wp:featuredmedia":[{"embeddable":true,"href":"http:\/\/www.rtvnoticias.com.ar\/index.php?rest_route=\/wp\/v2\/media\/48709"}],"wp:attachment":[{"href":"http:\/\/www.rtvnoticias.com.ar\/index.php?rest_route=%2Fwp%2Fv2%2Fmedia&parent=48708"}],"wp:term":[{"taxonomy":"category","embeddable":true,"href":"http:\/\/www.rtvnoticias.com.ar\/index.php?rest_route=%2Fwp%2Fv2%2Fcategories&post=48708"},{"taxonomy":"post_tag","embeddable":true,"href":"http:\/\/www.rtvnoticias.com.ar\/index.php?rest_route=%2Fwp%2Fv2%2Ftags&post=48708"}],"curies":[{"name":"wp","href":"https:\/\/api.w.org\/{rel}","templated":true}]}}