{"id":48717,"date":"2026-05-01T06:26:00","date_gmt":"2026-05-01T09:26:00","guid":{"rendered":"http:\/\/www.rtvnoticias.com.ar\/?p=48717"},"modified":"2026-04-30T18:48:41","modified_gmt":"2026-04-30T21:48:41","slug":"reunion-de-la-asociacion-de-contadores-de-la-republica-argentina","status":"publish","type":"post","link":"http:\/\/www.rtvnoticias.com.ar\/?p=48717","title":{"rendered":"Reuni\u00f3n de la Asociaci\u00f3n de Contadores de la Rep\u00fablica Argentina"},"content":{"rendered":"\n<p>La Casa de La Pampa en Buenos Aires fue sede de la Asamblea Ordinaria de la Asociaci\u00f3n de Contadores Generales de la Rep\u00fablica Argentina (ACGRA), que estuvo encabezada por el pampeano Adri\u00e1n Garc\u00eda, presidente del cuerpo y Contador General de la provincia de La Pampa. El encuentro cont\u00f3 con la participaci\u00f3n de representantes de 18 provincias, tanto en forma presencial como v\u00eda Zoom.<\/p>\n\n\n\n<p>Durante la reuni\u00f3n se aprobaron los Estados Contables Ejercicio 2025 y se hizo un balance del mandato cumplido 2024-2026, en la cual La Pampa dej\u00f3 la presidencia.<\/p>\n\n\n\n<p>En el mismo encuentro se renovaron las autoridades para el per\u00edodo 2026-2028 en el cual la presidencia ser\u00e1 ejercida por Carlos Baleztena, Contador General de la Provincia de Buenos Aires, siendo vicepresidenta Griselda Gabelli, Contadora General de CABA.<\/p>\n\n\n\n<p>En el mismo acto, se design\u00f3 como Tesorero de la instituci\u00f3n a Adri\u00e1n Garc\u00eda. Asimismo, se fij\u00f3 para el mes de octubre pr\u00f3ximo la fecha del Congreso Nacional de Contadur\u00edas Generales, que se desarrollar\u00e1 en la Provincia de Chaco. \u201cEstuvimos trabajando en determinar la fecha del pr\u00f3ximo Congreso Nacional, que se va a desarrollar los d\u00edas 28, 29 y 30 de octubre, y coordinando los temas que se van a tratar\u201d, se\u00f1al\u00f3 Garc\u00eda a la Agencia Provincial de Noticias.<\/p>\n\n\n\n<p>\u201cEn el a\u00f1o 2024 le toc\u00f3 a La Pampa ser sede del congreso y es una organizaci\u00f3n que lleva mucho tiempo y mucho compromiso por parte del personal y de los representantes de cada una de las contadur\u00edas y, obviamente, en representaci\u00f3n de la ACGRA coordinar varias cuestiones con la provincia anfitriona\u201d, agreg\u00f3 el funcionario.<\/p>\n\n\n\n<p>El Contador General de la Provincia agradeci\u00f3 al director de Casa de La Pampa y a todo su personal por brindar el espacio para la reuni\u00f3n y haber colaborado en estos dos a\u00f1os que a la Provincia le toc\u00f3 presidir la asociaci\u00f3n.<\/p>\n\n\n\n<p>La Asociaci\u00f3n de Contadores Generales de la Rep\u00fablica Argentina tiene como objetivo promover y realizar estudios e investigaci\u00f3n en materia de Contabilidad y Control Gubernamental P\u00fablico en todos sus niveles y en los campos jur\u00eddicos, financiero, patrimonial y administrativo, contable, actuando como centro de informaci\u00f3n, ense\u00f1anza y capacitaci\u00f3n. A su vez act\u00faa como organismo de enlace entre las instituciones gubernamentales del pa\u00eds y los distintos organismos t\u00e9cnicos afines, entidades universitarias y colegios profesionales, entre otros.<\/p>\n<div class=\"sharedaddy sd-sharing-enabled\"><div class=\"robots-nocontent sd-block sd-social sd-social-icon sd-sharing\"><h3 class=\"sd-title\">Comparte esto:<\/h3><div class=\"sd-content\"><ul><li class=\"share-twitter\"><a rel=\"nofollow noopener noreferrer\" data-shared=\"sharing-twitter-48717\" class=\"share-twitter sd-button share-icon no-text\" href=\"http:\/\/www.rtvnoticias.com.ar\/?p=48717&amp;share=twitter\" target=\"_blank\" title=\"Haz clic para compartir en Twitter\"><span><\/span><span class=\"sharing-screen-reader-text\">Haz clic para compartir en Twitter (Se abre en una ventana nueva)<\/span><\/a><\/li><li class=\"share-facebook\"><a rel=\"nofollow noopener noreferrer\" data-shared=\"sharing-facebook-48717\" class=\"share-facebook sd-button share-icon no-text\" href=\"http:\/\/www.rtvnoticias.com.ar\/?p=48717&amp;share=facebook\" target=\"_blank\" title=\"Haz clic para compartir en Facebook\"><span><\/span><span class=\"sharing-screen-reader-text\">Haz clic para compartir en Facebook (Se abre en una ventana nueva)<\/span><\/a><\/li><li class=\"share-jetpack-whatsapp\"><a rel=\"nofollow noopener noreferrer\" data-shared=\"\" class=\"share-jetpack-whatsapp sd-button share-icon no-text\" href=\"http:\/\/www.rtvnoticias.com.ar\/?p=48717&amp;share=jetpack-whatsapp\" target=\"_blank\" title=\"Haz clic para compartir en WhatsApp\"><span><\/span><span class=\"sharing-screen-reader-text\">Haz clic para compartir en WhatsApp (Se abre en una ventana nueva)<\/span><\/a><\/li><li class=\"share-telegram\"><a rel=\"nofollow noopener noreferrer\" data-shared=\"\" class=\"share-telegram sd-button share-icon no-text\" href=\"http:\/\/www.rtvnoticias.com.ar\/?p=48717&amp;share=telegram\" target=\"_blank\" title=\"Haz clic para compartir en Telegram\"><span><\/span><span class=\"sharing-screen-reader-text\">Haz clic para compartir en Telegram (Se abre en una ventana nueva)<\/span><\/a><\/li><li class=\"share-end\"><\/li><\/ul><\/div><\/div><\/div>","protected":false},"excerpt":{"rendered":"<p>La Casa de La Pampa en Buenos Aires fue sede de la Asamblea Ordinaria de la Asociaci\u00f3n de Contadores Generales de la Rep\u00fablica Argentina (ACGRA),<\/p>\n<div class=\"sharedaddy sd-sharing-enabled\"><div class=\"robots-nocontent sd-block sd-social sd-social-icon sd-sharing\"><h3 class=\"sd-title\">Comparte esto:<\/h3><div class=\"sd-content\"><ul><li class=\"share-twitter\"><a rel=\"nofollow noopener noreferrer\" data-shared=\"sharing-twitter-48717\" class=\"share-twitter sd-button share-icon no-text\" href=\"http:\/\/www.rtvnoticias.com.ar\/?p=48717&amp;share=twitter\" target=\"_blank\" title=\"Haz clic para compartir en Twitter\"><span><\/span><span class=\"sharing-screen-reader-text\">Haz clic para compartir en Twitter (Se abre en una ventana nueva)<\/span><\/a><\/li><li class=\"share-facebook\"><a rel=\"nofollow noopener noreferrer\" data-shared=\"sharing-facebook-48717\" class=\"share-facebook sd-button share-icon no-text\" href=\"http:\/\/www.rtvnoticias.com.ar\/?p=48717&amp;share=facebook\" target=\"_blank\" title=\"Haz clic para compartir en Facebook\"><span><\/span><span class=\"sharing-screen-reader-text\">Haz clic para compartir en Facebook (Se abre en una ventana nueva)<\/span><\/a><\/li><li class=\"share-jetpack-whatsapp\"><a rel=\"nofollow noopener noreferrer\" data-shared=\"\" class=\"share-jetpack-whatsapp sd-button share-icon no-text\" href=\"http:\/\/www.rtvnoticias.com.ar\/?p=48717&amp;share=jetpack-whatsapp\" target=\"_blank\" title=\"Haz clic para compartir en WhatsApp\"><span><\/span><span class=\"sharing-screen-reader-text\">Haz clic para compartir en WhatsApp (Se abre en una ventana nueva)<\/span><\/a><\/li><li class=\"share-telegram\"><a rel=\"nofollow noopener noreferrer\" data-shared=\"\" class=\"share-telegram sd-button share-icon no-text\" href=\"http:\/\/www.rtvnoticias.com.ar\/?p=48717&amp;share=telegram\" target=\"_blank\" title=\"Haz clic para compartir en Telegram\"><span><\/span><span class=\"sharing-screen-reader-text\">Haz clic para compartir en Telegram (Se abre en una ventana nueva)<\/span><\/a><\/li><li class=\"share-end\"><\/li><\/ul><\/div><\/div><\/div>","protected":false},"author":7,"featured_media":48718,"comment_status":"closed","ping_status":"closed","sticky":false,"template":"","format":"standard","meta":{"spay_email":"","jetpack_publicize_message":"","jetpack_is_tweetstorm":false,"jetpack_publicize_feature_enabled":true},"categories":[4],"tags":[5931],"jetpack_featured_media_url":"http:\/\/www.rtvnoticias.com.ar\/wp-content\/uploads\/2026\/04\/contadores.jpg","jetpack_publicize_connections":[],"jetpack_sharing_enabled":true,"_links":{"self":[{"href":"http:\/\/www.rtvnoticias.com.ar\/index.php?rest_route=\/wp\/v2\/posts\/48717"}],"collection":[{"href":"http:\/\/www.rtvnoticias.com.ar\/index.php?rest_route=\/wp\/v2\/posts"}],"about":[{"href":"http:\/\/www.rtvnoticias.com.ar\/index.php?rest_route=\/wp\/v2\/types\/post"}],"author":[{"embeddable":true,"href":"http:\/\/www.rtvnoticias.com.ar\/index.php?rest_route=\/wp\/v2\/users\/7"}],"replies":[{"embeddable":true,"href":"http:\/\/www.rtvnoticias.com.ar\/index.php?rest_route=%2Fwp%2Fv2%2Fcomments&post=48717"}],"version-history":[{"count":1,"href":"http:\/\/www.rtvnoticias.com.ar\/index.php?rest_route=\/wp\/v2\/posts\/48717\/revisions"}],"predecessor-version":[{"id":48719,"href":"http:\/\/www.rtvnoticias.com.ar\/index.php?rest_route=\/wp\/v2\/posts\/48717\/revisions\/48719"}],"wp:featuredmedia":[{"embeddable":true,"href":"http:\/\/www.rtvnoticias.com.ar\/index.php?rest_route=\/wp\/v2\/media\/48718"}],"wp:attachment":[{"href":"http:\/\/www.rtvnoticias.com.ar\/index.php?rest_route=%2Fwp%2Fv2%2Fmedia&parent=48717"}],"wp:term":[{"taxonomy":"category","embeddable":true,"href":"http:\/\/www.rtvnoticias.com.ar\/index.php?rest_route=%2Fwp%2Fv2%2Fcategories&post=48717"},{"taxonomy":"post_tag","embeddable":true,"href":"http:\/\/www.rtvnoticias.com.ar\/index.php?rest_route=%2Fwp%2Fv2%2Ftags&post=48717"}],"curies":[{"name":"wp","href":"https:\/\/api.w.org\/{rel}","templated":true}]}}