{"id":9523,"date":"2019-02-05T07:00:58","date_gmt":"2019-02-05T10:00:58","guid":{"rendered":"http:\/\/www.rtvnoticias.com.ar\/?p=9523"},"modified":"2019-02-04T12:04:34","modified_gmt":"2019-02-04T15:04:34","slug":"mas-de-130-ninos-y-ninas-participan-del-programa-ayelen","status":"publish","type":"post","link":"http:\/\/www.rtvnoticias.com.ar\/?p=9523","title":{"rendered":"M\u00e1s de 130 ni\u00f1os y ni\u00f1as participan del programa Ayel\u00e9n"},"content":{"rendered":"\n<p>La Municipalidad&nbsp;de General Pico, a trav\u00e9s de la Direcci\u00f3n de Familia dependiente de la Secretar\u00eda de Desarrollo Humano y Social, se encuentra llevando a cabo bajo el plan provincial Pro Vida, el programa Ayel\u00e9n donde participan m\u00e1s de 130 ni\u00f1os y ni\u00f1as de la ciudad de hasta 4 a\u00f1os.&nbsp;&nbsp;<\/p>\n\n\n\n<p>Esta importante actividad de recreaci\u00f3n, educaci\u00f3n y contenci\u00f3n se lleva a cabo en el predio de la Uni\u00f3n de Obreros de la Metalurgia, en donde un importante n\u00famero de profesionales coordina las actividades, bajo la supervisi\u00f3n de la Direcci\u00f3n de Familia de la Secretar\u00eda de Desarrollo Humano y Social.&nbsp;<\/p>\n\n\n\n<p>Los peque\u00f1os concurrentes llegan al predio a trav\u00e9s del transporte p\u00fablico que brinda el municipio y que los recoge en cada barrio, en las paradas que se ubican en los Servicios Sociales de Base y los Centros de Desarrollo Infantil como puntos de referencia. Al terminar la denominada colonia, las combis los regresa a cada sector.&nbsp;&nbsp;<\/p>\n\n\n\n<p>Este programa, que incorpora cada vez a m\u00e1s familias de la ciudad, comenz\u00f3 el pasado 11 de enero con la participaci\u00f3n de 130 ni\u00f1os y ni\u00f1as.\u00a0\u00a0<\/p>\n\n\n\n<figure class=\"wp-block-image\"><img decoding=\"async\" src=\"http:\/\/www.rtvnoticias.com.ar\/wp-content\/uploads\/2019\/02\/programa-ayelen-4-2-19-1-1024x768.jpeg\" alt=\"\" class=\"wp-image-9527\"\/><\/figure>\n\n\n\n<p>All\u00ed, durante toda la temporada las coordinadoras de cada grupo realizan actividades programadas con antelaci\u00f3n, variando los contenidos, fuera y dentro del agua. Algunos de ellos son juegos con peque\u00f1os materiales (aros, pelotas, botellas,&nbsp;bombuchas), juegos de carreras, actividades recreativas como de dibujo, pintura, creaci\u00f3n de collage, adem\u00e1s de los destacados juegos acu\u00e1ticos que incluyen inmersi\u00f3n, desplazamiento con flotadores y dem\u00e1s, con el \u00fanico objetivo de que desde peque\u00f1os puedan aprender a nadar.&nbsp;<\/p>\n\n\n\n<p>Tambi\u00e9n en conjunto con el programa de Primeros A\u00f1os, los participantes realizan actividades complementarias, donde trabajan sobre la importancia de la hidrataci\u00f3n en&nbsp;la&nbsp;primera infancia, los h\u00e1bitos alimenticios saludables, adem\u00e1s se crean primer\u00edsimos lectores, obras de teatros con t\u00edteres, entre otros destacados aprendizajes.&nbsp;<\/p>\n\n\n\n<p>Todas las semanas, el programa Ayel\u00e9n cuenta con una actividad especial de esta \u00edndole, as\u00ed como tambi\u00e9n reciben la visita de personal del \u00e1rea de Salud p\u00fablica, como por ejemplo odontolog\u00eda, donde reciben una simple charla y distribuci\u00f3n de cepillos de dientes para cada ni\u00f1o o ni\u00f1a.&nbsp;&nbsp;<\/p>\n\n\n\n<p>La colonia culminar\u00e1 este pr\u00f3ximo viernes 8 de febrero con un gran cierre donde habr\u00e1 m\u00e1s juegos acompa\u00f1ados por la m\u00fasica, se compartir\u00e1n licuados y alimentos saludables para que todos los peque\u00f1os puedan disfrutar y llevarse un grato recuerdo en la colonia del Pro Vida de verano.<\/p>\n<div class=\"sharedaddy sd-sharing-enabled\"><div class=\"robots-nocontent sd-block sd-social sd-social-icon sd-sharing\"><h3 class=\"sd-title\">Comparte esto:<\/h3><div class=\"sd-content\"><ul><li class=\"share-twitter\"><a rel=\"nofollow noopener noreferrer\" data-shared=\"sharing-twitter-9523\" class=\"share-twitter sd-button share-icon no-text\" href=\"http:\/\/www.rtvnoticias.com.ar\/?p=9523&amp;share=twitter\" target=\"_blank\" title=\"Haz clic para compartir en Twitter\"><span><\/span><span class=\"sharing-screen-reader-text\">Haz clic para compartir en Twitter (Se abre en una ventana nueva)<\/span><\/a><\/li><li class=\"share-facebook\"><a rel=\"nofollow noopener noreferrer\" data-shared=\"sharing-facebook-9523\" class=\"share-facebook sd-button share-icon no-text\" href=\"http:\/\/www.rtvnoticias.com.ar\/?p=9523&amp;share=facebook\" target=\"_blank\" title=\"Haz clic para compartir en Facebook\"><span><\/span><span class=\"sharing-screen-reader-text\">Haz clic para compartir en Facebook (Se abre en una ventana nueva)<\/span><\/a><\/li><li class=\"share-jetpack-whatsapp\"><a rel=\"nofollow noopener noreferrer\" data-shared=\"\" class=\"share-jetpack-whatsapp sd-button share-icon no-text\" href=\"http:\/\/www.rtvnoticias.com.ar\/?p=9523&amp;share=jetpack-whatsapp\" target=\"_blank\" title=\"Haz clic para compartir en WhatsApp\"><span><\/span><span class=\"sharing-screen-reader-text\">Haz clic para compartir en WhatsApp (Se abre en una ventana nueva)<\/span><\/a><\/li><li class=\"share-telegram\"><a rel=\"nofollow noopener noreferrer\" data-shared=\"\" class=\"share-telegram sd-button share-icon no-text\" href=\"http:\/\/www.rtvnoticias.com.ar\/?p=9523&amp;share=telegram\" target=\"_blank\" title=\"Haz clic para compartir en Telegram\"><span><\/span><span class=\"sharing-screen-reader-text\">Haz clic para compartir en Telegram (Se abre en una ventana nueva)<\/span><\/a><\/li><li class=\"share-end\"><\/li><\/ul><\/div><\/div><\/div>","protected":false},"excerpt":{"rendered":"<p>La Municipalidad&nbsp;de General Pico, a trav\u00e9s de la Direcci\u00f3n de Familia dependiente de la Secretar\u00eda de Desarrollo Humano y Social, se encuentra llevando a cabo<\/p>\n<div class=\"sharedaddy sd-sharing-enabled\"><div class=\"robots-nocontent sd-block sd-social sd-social-icon sd-sharing\"><h3 class=\"sd-title\">Comparte esto:<\/h3><div class=\"sd-content\"><ul><li class=\"share-twitter\"><a rel=\"nofollow noopener noreferrer\" data-shared=\"sharing-twitter-9523\" class=\"share-twitter sd-button share-icon no-text\" href=\"http:\/\/www.rtvnoticias.com.ar\/?p=9523&amp;share=twitter\" target=\"_blank\" title=\"Haz clic para compartir en Twitter\"><span><\/span><span class=\"sharing-screen-reader-text\">Haz clic para compartir en Twitter (Se abre en una ventana nueva)<\/span><\/a><\/li><li class=\"share-facebook\"><a rel=\"nofollow noopener noreferrer\" data-shared=\"sharing-facebook-9523\" class=\"share-facebook sd-button share-icon no-text\" href=\"http:\/\/www.rtvnoticias.com.ar\/?p=9523&amp;share=facebook\" target=\"_blank\" title=\"Haz clic para compartir en Facebook\"><span><\/span><span class=\"sharing-screen-reader-text\">Haz clic para compartir en Facebook (Se abre en una ventana nueva)<\/span><\/a><\/li><li class=\"share-jetpack-whatsapp\"><a rel=\"nofollow noopener noreferrer\" data-shared=\"\" class=\"share-jetpack-whatsapp sd-button share-icon no-text\" href=\"http:\/\/www.rtvnoticias.com.ar\/?p=9523&amp;share=jetpack-whatsapp\" target=\"_blank\" title=\"Haz clic para compartir en WhatsApp\"><span><\/span><span class=\"sharing-screen-reader-text\">Haz clic para compartir en WhatsApp (Se abre en una ventana nueva)<\/span><\/a><\/li><li class=\"share-telegram\"><a rel=\"nofollow noopener noreferrer\" data-shared=\"\" class=\"share-telegram sd-button share-icon no-text\" href=\"http:\/\/www.rtvnoticias.com.ar\/?p=9523&amp;share=telegram\" target=\"_blank\" title=\"Haz clic para compartir en Telegram\"><span><\/span><span class=\"sharing-screen-reader-text\">Haz clic para compartir en Telegram (Se abre en una ventana nueva)<\/span><\/a><\/li><li class=\"share-end\"><\/li><\/ul><\/div><\/div><\/div>","protected":false},"author":4,"featured_media":0,"comment_status":"closed","ping_status":"closed","sticky":false,"template":"","format":"standard","meta":{"spay_email":"","jetpack_publicize_message":"","jetpack_is_tweetstorm":false,"jetpack_publicize_feature_enabled":true},"categories":[3],"tags":[],"jetpack_featured_media_url":"","jetpack_publicize_connections":[],"jetpack_sharing_enabled":true,"_links":{"self":[{"href":"http:\/\/www.rtvnoticias.com.ar\/index.php?rest_route=\/wp\/v2\/posts\/9523"}],"collection":[{"href":"http:\/\/www.rtvnoticias.com.ar\/index.php?rest_route=\/wp\/v2\/posts"}],"about":[{"href":"http:\/\/www.rtvnoticias.com.ar\/index.php?rest_route=\/wp\/v2\/types\/post"}],"author":[{"embeddable":true,"href":"http:\/\/www.rtvnoticias.com.ar\/index.php?rest_route=\/wp\/v2\/users\/4"}],"replies":[{"embeddable":true,"href":"http:\/\/www.rtvnoticias.com.ar\/index.php?rest_route=%2Fwp%2Fv2%2Fcomments&post=9523"}],"version-history":[{"count":1,"href":"http:\/\/www.rtvnoticias.com.ar\/index.php?rest_route=\/wp\/v2\/posts\/9523\/revisions"}],"predecessor-version":[{"id":9530,"href":"http:\/\/www.rtvnoticias.com.ar\/index.php?rest_route=\/wp\/v2\/posts\/9523\/revisions\/9530"}],"wp:attachment":[{"href":"http:\/\/www.rtvnoticias.com.ar\/index.php?rest_route=%2Fwp%2Fv2%2Fmedia&parent=9523"}],"wp:term":[{"taxonomy":"category","embeddable":true,"href":"http:\/\/www.rtvnoticias.com.ar\/index.php?rest_route=%2Fwp%2Fv2%2Fcategories&post=9523"},{"taxonomy":"post_tag","embeddable":true,"href":"http:\/\/www.rtvnoticias.com.ar\/index.php?rest_route=%2Fwp%2Fv2%2Ftags&post=9523"}],"curies":[{"name":"wp","href":"https:\/\/api.w.org\/{rel}","templated":true}]}}