{"id":9549,"date":"2019-02-04T23:49:36","date_gmt":"2019-02-05T02:49:36","guid":{"rendered":"http:\/\/www.rtvnoticias.com.ar\/?p=9549"},"modified":"2019-02-04T23:49:45","modified_gmt":"2019-02-05T02:49:45","slug":"la-feria-horticola-y-floricola-sumo-el-miercoles-como-nuevo-dia-de-ventas","status":"publish","type":"post","link":"http:\/\/www.rtvnoticias.com.ar\/?p=9549","title":{"rendered":"La Feria Hort\u00edcola y Flor\u00edcola sum\u00f3 el mi\u00e9rcoles como nuevo d\u00eda de ventas"},"content":{"rendered":"\n<p>\u00a0<\/p>\n\n\n\n<p class=\"has-background has-light-green-cyan-background-color\"><strong>La ya cl\u00e1sica Feria Hort\u00edcola y Flor\u00edcola impulsada por la Municipalidad de General Pico a trav\u00e9s de la Secretar\u00eda de Desarrollo Humano y Social, y con el acompa\u00f1amiento del Ministerio de Desarrollo Social y\u00a0AProHPam, sumar\u00e1 a partir de este mi\u00e9rcoles un d\u00eda m\u00e1s de exposici\u00f3n.\u00a0<\/strong><\/p>\n\n\n\n<p>El anuncio fue llevado a cabo en la tarde de este lunes en el\nparque de la Delegaci\u00f3n del Ministerio de Desarrollo Social, ubicado en calle\n14 y 103, lugar donde precisamente se expondr\u00e1n en un nuevo d\u00eda los productos\nhort\u00edcolas y flor\u00edcolas de la ciudad.&nbsp;<\/p>\n\n\n\n<p>All\u00ed estuvo presente el intendente de la ciudad, Juan Jos\u00e9&nbsp;Rainone, acompa\u00f1ado por la ministra de\nDesarrollo Social, Fernanda Alonso, el secretario de Desarrollo Humano y\nSocial, Daniel L\u00f3pez y el referente de&nbsp;AProHPam, Adolfo Mart\u00ednez.&nbsp;<\/p>\n\n\n\n<p>En primer lugar, Alonso respondi\u00f3 que \u201cestamos aprovechando esta\nbuena experiencia que llev\u00f3 acabo el municipio con&nbsp;AProHPam&nbsp;durante todos estos\ns\u00e1bados consecutivos que atienden al consumo interno para agregar un d\u00eda m\u00e1s de\nventa, y en otro \u00e1mbito para acercarnos a nuevos sectores de la ciudad\u201d.&nbsp;<\/p>\n\n\n\n<p>Explic\u00f3 entonces que \u201cestamos anunciando e invitando a todos los\nvecinos a hacer uso de esta posibilidad mediante la extensi\u00f3n de la Feria los\nd\u00edas mi\u00e9rcoles en este lugar, en calle 14 y 103, para atender a la\npoblaci\u00f3n&nbsp;piquense&nbsp;en otro sector de la ciudad\u201d, dijo.&nbsp;<\/p>\n\n\n\n<p>\u201cLa idea es sostener el mi\u00e9rcoles como un d\u00eda fijo al igual que\nlos s\u00e1bados en el Paseo de la Vida, ya que estamos hablando de productos\nestrictamente locales. Habr\u00e1 7 stands desde un principio que estar\u00e1n a partir\nde este mi\u00e9rcoles por la ma\u00f1ana, de 8:00 a 12:30 horas\u201d, detall\u00f3.&nbsp;<\/p>\n\n\n\n<p>Por su parte, el intendente&nbsp;Rainone&nbsp;estableci\u00f3 que \u201csiempre\ntuvimos la intenci\u00f3n de llevar la feria a otros barrios, son productos locales\nque antes quiz\u00e1s no ten\u00edan esta posibilidad de venta y hoy hasta lograron tener\nuna asociaci\u00f3n\u201d, refiri\u00f3.&nbsp;<\/p>\n\n\n\n<p>\u201cLa demanda y la producci\u00f3n permiti\u00f3 que ya est\u00e9 instalada todos\nlos s\u00e1bados. Ahora se suma esta buen\u00edsima idea que trae el Ministerio de\nDesarrollo Social para que puedan venir a exponer a este lugar; deber\u00e1n ver la\nmanera de poder continuar cumpliendo con la demanda del vecino\u201d, continu\u00f3 el\nmandatario.&nbsp;<\/p>\n\n\n\n<p><strong>Compre local<\/strong>&nbsp;<\/p>\n\n\n\n<p>Asimismo&nbsp;el secretario de Desarrollo Humano y Social, Daniel L\u00f3pez,\nindic\u00f3 que \u201ces una feria sostenida a lo largo de estos a\u00f1os, se torn\u00f3 un\ncl\u00e1sico y es tradicional. Tenemos que destacar siempre el trabajo que realizan\ny el v\u00ednculo que tenemos como municipio. Han podido aumentar sus ventas e ir\nvisibiliz\u00e1ndose\u201d, consider\u00f3.&nbsp;<\/p>\n\n\n\n<p>Sobre la propuesta del ministerio mencionado, L\u00f3pez agreg\u00f3 que\n\u201cellos estuvieron de acuerdo con la idea y nosotros nos sumamos r\u00e1pidamente ya\nque queremos seguir apoyando y acompa\u00f1ando siempre en espacios de\ncomercializaci\u00f3n a los emprendedores con el objetivo de potenciar el compre\nlocal para que los productores puedan aumentar su producci\u00f3n y ventas\u201d,\npuntualiz\u00f3.&nbsp;<\/p>\n\n\n\n<p>Por \u00faltimo, el referente Adolfo Mart\u00ednez coment\u00f3 que \u201ces una\nextensi\u00f3n de la actividad que realizamos los s\u00e1bados y una oportunidad para\nproducir m\u00e1s. Los&nbsp;piquenses&nbsp;tienen un sentido de pertenencia y por eso asisten al compre\nlocal, por lo que esperamos poder cumplir con la demanda que vendr\u00e1\u201d.&nbsp;<\/p>\n<div class=\"sharedaddy sd-sharing-enabled\"><div class=\"robots-nocontent sd-block sd-social sd-social-icon sd-sharing\"><h3 class=\"sd-title\">Comparte esto:<\/h3><div class=\"sd-content\"><ul><li class=\"share-twitter\"><a rel=\"nofollow noopener noreferrer\" data-shared=\"sharing-twitter-9549\" class=\"share-twitter sd-button share-icon no-text\" href=\"http:\/\/www.rtvnoticias.com.ar\/?p=9549&amp;share=twitter\" target=\"_blank\" title=\"Haz clic para compartir en Twitter\"><span><\/span><span class=\"sharing-screen-reader-text\">Haz clic para compartir en Twitter (Se abre en una ventana nueva)<\/span><\/a><\/li><li class=\"share-facebook\"><a rel=\"nofollow noopener noreferrer\" data-shared=\"sharing-facebook-9549\" class=\"share-facebook sd-button share-icon no-text\" href=\"http:\/\/www.rtvnoticias.com.ar\/?p=9549&amp;share=facebook\" target=\"_blank\" title=\"Haz clic para compartir en Facebook\"><span><\/span><span class=\"sharing-screen-reader-text\">Haz clic para compartir en Facebook (Se abre en una ventana nueva)<\/span><\/a><\/li><li class=\"share-jetpack-whatsapp\"><a rel=\"nofollow noopener noreferrer\" data-shared=\"\" class=\"share-jetpack-whatsapp sd-button share-icon no-text\" href=\"http:\/\/www.rtvnoticias.com.ar\/?p=9549&amp;share=jetpack-whatsapp\" target=\"_blank\" title=\"Haz clic para compartir en WhatsApp\"><span><\/span><span class=\"sharing-screen-reader-text\">Haz clic para compartir en WhatsApp (Se abre en una ventana nueva)<\/span><\/a><\/li><li class=\"share-telegram\"><a rel=\"nofollow noopener noreferrer\" data-shared=\"\" class=\"share-telegram sd-button share-icon no-text\" href=\"http:\/\/www.rtvnoticias.com.ar\/?p=9549&amp;share=telegram\" target=\"_blank\" title=\"Haz clic para compartir en Telegram\"><span><\/span><span class=\"sharing-screen-reader-text\">Haz clic para compartir en Telegram (Se abre en una ventana nueva)<\/span><\/a><\/li><li class=\"share-end\"><\/li><\/ul><\/div><\/div><\/div>","protected":false},"excerpt":{"rendered":"<p>\u00a0 La ya cl\u00e1sica Feria Hort\u00edcola y Flor\u00edcola impulsada por la Municipalidad de General Pico a trav\u00e9s de la Secretar\u00eda de Desarrollo Humano y Social,<\/p>\n<div class=\"sharedaddy sd-sharing-enabled\"><div class=\"robots-nocontent sd-block sd-social sd-social-icon sd-sharing\"><h3 class=\"sd-title\">Comparte esto:<\/h3><div class=\"sd-content\"><ul><li class=\"share-twitter\"><a rel=\"nofollow noopener noreferrer\" data-shared=\"sharing-twitter-9549\" class=\"share-twitter sd-button share-icon no-text\" href=\"http:\/\/www.rtvnoticias.com.ar\/?p=9549&amp;share=twitter\" target=\"_blank\" title=\"Haz clic para compartir en Twitter\"><span><\/span><span class=\"sharing-screen-reader-text\">Haz clic para compartir en Twitter (Se abre en una ventana nueva)<\/span><\/a><\/li><li class=\"share-facebook\"><a rel=\"nofollow noopener noreferrer\" data-shared=\"sharing-facebook-9549\" class=\"share-facebook sd-button share-icon no-text\" href=\"http:\/\/www.rtvnoticias.com.ar\/?p=9549&amp;share=facebook\" target=\"_blank\" title=\"Haz clic para compartir en Facebook\"><span><\/span><span class=\"sharing-screen-reader-text\">Haz clic para compartir en Facebook (Se abre en una ventana nueva)<\/span><\/a><\/li><li class=\"share-jetpack-whatsapp\"><a rel=\"nofollow noopener noreferrer\" data-shared=\"\" class=\"share-jetpack-whatsapp sd-button share-icon no-text\" href=\"http:\/\/www.rtvnoticias.com.ar\/?p=9549&amp;share=jetpack-whatsapp\" target=\"_blank\" title=\"Haz clic para compartir en WhatsApp\"><span><\/span><span class=\"sharing-screen-reader-text\">Haz clic para compartir en WhatsApp (Se abre en una ventana nueva)<\/span><\/a><\/li><li class=\"share-telegram\"><a rel=\"nofollow noopener noreferrer\" data-shared=\"\" class=\"share-telegram sd-button share-icon no-text\" href=\"http:\/\/www.rtvnoticias.com.ar\/?p=9549&amp;share=telegram\" target=\"_blank\" title=\"Haz clic para compartir en Telegram\"><span><\/span><span class=\"sharing-screen-reader-text\">Haz clic para compartir en Telegram (Se abre en una ventana nueva)<\/span><\/a><\/li><li class=\"share-end\"><\/li><\/ul><\/div><\/div><\/div>","protected":false},"author":3,"featured_media":0,"comment_status":"closed","ping_status":"closed","sticky":false,"template":"","format":"standard","meta":{"spay_email":"","jetpack_publicize_message":"","jetpack_is_tweetstorm":false,"jetpack_publicize_feature_enabled":true},"categories":[1],"tags":[2333],"jetpack_featured_media_url":"","jetpack_publicize_connections":[],"jetpack_sharing_enabled":true,"_links":{"self":[{"href":"http:\/\/www.rtvnoticias.com.ar\/index.php?rest_route=\/wp\/v2\/posts\/9549"}],"collection":[{"href":"http:\/\/www.rtvnoticias.com.ar\/index.php?rest_route=\/wp\/v2\/posts"}],"about":[{"href":"http:\/\/www.rtvnoticias.com.ar\/index.php?rest_route=\/wp\/v2\/types\/post"}],"author":[{"embeddable":true,"href":"http:\/\/www.rtvnoticias.com.ar\/index.php?rest_route=\/wp\/v2\/users\/3"}],"replies":[{"embeddable":true,"href":"http:\/\/www.rtvnoticias.com.ar\/index.php?rest_route=%2Fwp%2Fv2%2Fcomments&post=9549"}],"version-history":[{"count":1,"href":"http:\/\/www.rtvnoticias.com.ar\/index.php?rest_route=\/wp\/v2\/posts\/9549\/revisions"}],"predecessor-version":[{"id":9551,"href":"http:\/\/www.rtvnoticias.com.ar\/index.php?rest_route=\/wp\/v2\/posts\/9549\/revisions\/9551"}],"wp:attachment":[{"href":"http:\/\/www.rtvnoticias.com.ar\/index.php?rest_route=%2Fwp%2Fv2%2Fmedia&parent=9549"}],"wp:term":[{"taxonomy":"category","embeddable":true,"href":"http:\/\/www.rtvnoticias.com.ar\/index.php?rest_route=%2Fwp%2Fv2%2Fcategories&post=9549"},{"taxonomy":"post_tag","embeddable":true,"href":"http:\/\/www.rtvnoticias.com.ar\/index.php?rest_route=%2Fwp%2Fv2%2Ftags&post=9549"}],"curies":[{"name":"wp","href":"https:\/\/api.w.org\/{rel}","templated":true}]}}