{"id":9555,"date":"2019-02-05T11:37:38","date_gmt":"2019-02-05T14:37:38","guid":{"rendered":"http:\/\/www.rtvnoticias.com.ar\/?p=9555"},"modified":"2019-02-05T11:37:46","modified_gmt":"2019-02-05T14:37:46","slug":"el-programa-eliminacion-de-barreras-viajo-al-balneario-de-colonia-baron","status":"publish","type":"post","link":"http:\/\/www.rtvnoticias.com.ar\/?p=9555","title":{"rendered":"El programa \u00abEliminaci\u00f3n de Barreras\u00bb viaj\u00f3 al balneario de Colonia Bar\u00f3n"},"content":{"rendered":"\n<p class=\"has-background has-light-green-cyan-background-color\"><strong>El programa Eliminaci\u00f3n de Barreras, impulsado por la Municipalidad de General Pico bajo la coordinaci\u00f3n de la Direcci\u00f3n de Familia dependiente de la Secretar\u00eda de Desarrollo Humano y Social, viaj\u00f3 en la ma\u00f1ana de este martes hacia la localidad de Colonia Bar\u00f3n con el objetivo de disfrutar de un d\u00eda en el balneario municipal.<\/strong><\/p>\n\n\n\n<p>El grupo de j\u00f3venes parti\u00f3 desde la Explanada Municipal en horas de la ma\u00f1ana, acompa\u00f1ados por la coordinadora Roxana Aguilar y el grupo de padres y tutores de los participantes.<\/p>\n\n\n\n<p>Tambi\u00e9n estuvo presente el intendente de la ciudad, Juan Jos\u00e9 Rainone y el secretario de Desarrollo Humano y Social, Daniel L\u00f3pez, quienes dialogaron con los viajantes y les desearon una excelente estad\u00eda.<\/p>\n\n\n\n<p>Por su parte, el secretario Daniel L\u00f3pez expres\u00f3 que \u201ces una actividad m\u00e1s que desarrollamos con la Direcci\u00f3n de Familia a trav\u00e9s del programa Eliminaci\u00f3n de Barreras con personas con discapacidad, con quienes venimos generando acciones sociorecreativas, inclusivas e integradoras\u201d.<\/p>\n\n\n\n<p>Asimismo, a\u00f1adi\u00f3 que \u201cen esta oportunidad realizan un viaje para pasar el d\u00eda al balneario de Colonia Bar\u00f3n, algo solicitado por las familias y tambi\u00e9n por los chicos. Adem\u00e1s es parte del cronograma de actividades que realizan durante el verano\u201d, continu\u00f3 el funcionario.<\/p>\n\n\n\n<p>\u201cEsto ser\u00e1 algo diferente, y si bien ya han realizado distintos viajes, este es en el marco de la extensi\u00f3n de la colonia del programa, que llevan a cabo en el natatorio de Cultural Argentino durante la temporada de verano\u201d.<\/p>\n\n\n\n<p>Por \u00faltimo, el secretario municipal mencion\u00f3 que \u201cestas son acciones que relacionan a ni\u00f1os, ni\u00f1as y personas con discapacidad en diferentes actividades preventivas, recreativas, deportivas, culturales y promocionales, con la integraci\u00f3n como eje primordial\u201d.<\/p>\n<div class=\"sharedaddy sd-sharing-enabled\"><div class=\"robots-nocontent sd-block sd-social sd-social-icon sd-sharing\"><h3 class=\"sd-title\">Comparte esto:<\/h3><div class=\"sd-content\"><ul><li class=\"share-twitter\"><a rel=\"nofollow noopener noreferrer\" data-shared=\"sharing-twitter-9555\" class=\"share-twitter sd-button share-icon no-text\" href=\"http:\/\/www.rtvnoticias.com.ar\/?p=9555&amp;share=twitter\" target=\"_blank\" title=\"Haz clic para compartir en Twitter\"><span><\/span><span class=\"sharing-screen-reader-text\">Haz clic para compartir en Twitter (Se abre en una ventana nueva)<\/span><\/a><\/li><li class=\"share-facebook\"><a rel=\"nofollow noopener noreferrer\" data-shared=\"sharing-facebook-9555\" class=\"share-facebook sd-button share-icon no-text\" href=\"http:\/\/www.rtvnoticias.com.ar\/?p=9555&amp;share=facebook\" target=\"_blank\" title=\"Haz clic para compartir en Facebook\"><span><\/span><span class=\"sharing-screen-reader-text\">Haz clic para compartir en Facebook (Se abre en una ventana nueva)<\/span><\/a><\/li><li class=\"share-jetpack-whatsapp\"><a rel=\"nofollow noopener noreferrer\" data-shared=\"\" class=\"share-jetpack-whatsapp sd-button share-icon no-text\" href=\"http:\/\/www.rtvnoticias.com.ar\/?p=9555&amp;share=jetpack-whatsapp\" target=\"_blank\" title=\"Haz clic para compartir en WhatsApp\"><span><\/span><span class=\"sharing-screen-reader-text\">Haz clic para compartir en WhatsApp (Se abre en una ventana nueva)<\/span><\/a><\/li><li class=\"share-telegram\"><a rel=\"nofollow noopener noreferrer\" data-shared=\"\" class=\"share-telegram sd-button share-icon no-text\" href=\"http:\/\/www.rtvnoticias.com.ar\/?p=9555&amp;share=telegram\" target=\"_blank\" title=\"Haz clic para compartir en Telegram\"><span><\/span><span class=\"sharing-screen-reader-text\">Haz clic para compartir en Telegram (Se abre en una ventana nueva)<\/span><\/a><\/li><li class=\"share-end\"><\/li><\/ul><\/div><\/div><\/div>","protected":false},"excerpt":{"rendered":"<p>El programa Eliminaci\u00f3n de Barreras, impulsado por la Municipalidad de General Pico bajo la coordinaci\u00f3n de la Direcci\u00f3n de Familia dependiente de la Secretar\u00eda de<\/p>\n<div class=\"sharedaddy sd-sharing-enabled\"><div class=\"robots-nocontent sd-block sd-social sd-social-icon sd-sharing\"><h3 class=\"sd-title\">Comparte esto:<\/h3><div class=\"sd-content\"><ul><li class=\"share-twitter\"><a rel=\"nofollow noopener noreferrer\" data-shared=\"sharing-twitter-9555\" class=\"share-twitter sd-button share-icon no-text\" href=\"http:\/\/www.rtvnoticias.com.ar\/?p=9555&amp;share=twitter\" target=\"_blank\" title=\"Haz clic para compartir en Twitter\"><span><\/span><span class=\"sharing-screen-reader-text\">Haz clic para compartir en Twitter (Se abre en una ventana nueva)<\/span><\/a><\/li><li class=\"share-facebook\"><a rel=\"nofollow noopener noreferrer\" data-shared=\"sharing-facebook-9555\" class=\"share-facebook sd-button share-icon no-text\" href=\"http:\/\/www.rtvnoticias.com.ar\/?p=9555&amp;share=facebook\" target=\"_blank\" title=\"Haz clic para compartir en Facebook\"><span><\/span><span class=\"sharing-screen-reader-text\">Haz clic para compartir en Facebook (Se abre en una ventana nueva)<\/span><\/a><\/li><li class=\"share-jetpack-whatsapp\"><a rel=\"nofollow noopener noreferrer\" data-shared=\"\" class=\"share-jetpack-whatsapp sd-button share-icon no-text\" href=\"http:\/\/www.rtvnoticias.com.ar\/?p=9555&amp;share=jetpack-whatsapp\" target=\"_blank\" title=\"Haz clic para compartir en WhatsApp\"><span><\/span><span class=\"sharing-screen-reader-text\">Haz clic para compartir en WhatsApp (Se abre en una ventana nueva)<\/span><\/a><\/li><li class=\"share-telegram\"><a rel=\"nofollow noopener noreferrer\" data-shared=\"\" class=\"share-telegram sd-button share-icon no-text\" href=\"http:\/\/www.rtvnoticias.com.ar\/?p=9555&amp;share=telegram\" target=\"_blank\" title=\"Haz clic para compartir en Telegram\"><span><\/span><span class=\"sharing-screen-reader-text\">Haz clic para compartir en Telegram (Se abre en una ventana nueva)<\/span><\/a><\/li><li class=\"share-end\"><\/li><\/ul><\/div><\/div><\/div>","protected":false},"author":3,"featured_media":0,"comment_status":"closed","ping_status":"closed","sticky":false,"template":"","format":"standard","meta":{"spay_email":"","jetpack_publicize_message":"","jetpack_is_tweetstorm":false,"jetpack_publicize_feature_enabled":true},"categories":[3],"tags":[],"jetpack_featured_media_url":"","jetpack_publicize_connections":[],"jetpack_sharing_enabled":true,"_links":{"self":[{"href":"http:\/\/www.rtvnoticias.com.ar\/index.php?rest_route=\/wp\/v2\/posts\/9555"}],"collection":[{"href":"http:\/\/www.rtvnoticias.com.ar\/index.php?rest_route=\/wp\/v2\/posts"}],"about":[{"href":"http:\/\/www.rtvnoticias.com.ar\/index.php?rest_route=\/wp\/v2\/types\/post"}],"author":[{"embeddable":true,"href":"http:\/\/www.rtvnoticias.com.ar\/index.php?rest_route=\/wp\/v2\/users\/3"}],"replies":[{"embeddable":true,"href":"http:\/\/www.rtvnoticias.com.ar\/index.php?rest_route=%2Fwp%2Fv2%2Fcomments&post=9555"}],"version-history":[{"count":1,"href":"http:\/\/www.rtvnoticias.com.ar\/index.php?rest_route=\/wp\/v2\/posts\/9555\/revisions"}],"predecessor-version":[{"id":9557,"href":"http:\/\/www.rtvnoticias.com.ar\/index.php?rest_route=\/wp\/v2\/posts\/9555\/revisions\/9557"}],"wp:attachment":[{"href":"http:\/\/www.rtvnoticias.com.ar\/index.php?rest_route=%2Fwp%2Fv2%2Fmedia&parent=9555"}],"wp:term":[{"taxonomy":"category","embeddable":true,"href":"http:\/\/www.rtvnoticias.com.ar\/index.php?rest_route=%2Fwp%2Fv2%2Fcategories&post=9555"},{"taxonomy":"post_tag","embeddable":true,"href":"http:\/\/www.rtvnoticias.com.ar\/index.php?rest_route=%2Fwp%2Fv2%2Ftags&post=9555"}],"curies":[{"name":"wp","href":"https:\/\/api.w.org\/{rel}","templated":true}]}}