{"id":9561,"date":"2019-02-05T12:47:43","date_gmt":"2019-02-05T15:47:43","guid":{"rendered":"http:\/\/www.rtvnoticias.com.ar\/?p=9561"},"modified":"2019-02-05T12:50:59","modified_gmt":"2019-02-05T15:50:59","slug":"licitar-la-obra-del-acceso-a-toay","status":"publish","type":"post","link":"http:\/\/www.rtvnoticias.com.ar\/?p=9561","title":{"rendered":"Licitaron este martes en la sede Vialidad Provincial la obra del Acceso a Toay"},"content":{"rendered":"\n<p class=\"has-background has-pale-cyan-blue-background-color\"><strong>Se realiz\u00f3 la licitaci\u00f3n p\u00fablica para la obra \u201cVinculaci\u00f3n Acceso a Toay desde Ruta Provincial N\u00ba14 \u2013 Ruta Provincial N\u00ba9\u201d, con un presupuesto oficial de $89.084.000 y un plazo de ejecuci\u00f3n de 365 d\u00edas.<\/strong><\/p>\n\n\n\n<p>La apertura de sobres se desarroll\u00f3 en la sede de Vialidad Provincial de Santa Rosa, con la presencia del ministro de Obras y Servicios P\u00fablicos, Julio Bargero; el intendente de Toay, Ariel Rojas; el viceintendente, Rodolfo \u00c1lvarez; el vicepresidente de Vialidad, Valent\u00edn Contreras, entre otros miembros y representantes de las empresas oferentes.<br>Ecop Construcciones SRL cotiz\u00f3 con una oferta de $101.407.780,01, mientras que Vial A S.A present\u00f3 $93.839.467,20. Leymer S.A cotiz\u00f3 un valor de $99.614.426,45 y Omar \u00c1ngel Jubete cotiz\u00f3 $100.147.214,56.<br>Bargero remarc\u00f3 que se trata de una obra que abarcar\u00e1 un cuarto de la circunvalaci\u00f3n de Toay, tambi\u00e9n las tres cuadras del acceso de la Ruta N\u00ba14. \u201cEn general, la obra consiste en una base t\u00edpica de tosca, con carpeta asf\u00e1ltica, m\u00e1s los badenes, canteros centrales, incluso cordones. Eso es en general, despu\u00e9s arriba lleva la carpeta\u201d, coment\u00f3.<br>Por su parte, el intendente de Toay destac\u00f3 que ser\u00e1 una obra muy importante para la localidad. \u201cLa ven\u00edamos pidiendo hace mucho tiempo. Nos va a permitir mejorar la transitabilidad de todo lo que hace a la Avenida 13 Regimiento de Caballer\u00eda. No solo permitir\u00e1 una mejor distribuci\u00f3n a los toayenses, sino tambi\u00e9n a todos los que transitan de Santa Rosa hacia la Ruta N\u00ba14 y tambi\u00e9n a los que concurren a las distintas actividades que se desarrollan en el complejo municipal Horacio del Campo, ya que esta obra confluye en ese lugar con una rotonda de acceso. Adem\u00e1s, permitir\u00e1 remodelar lo que hace al Boulevar Brown\u201d, explic\u00f3.<br>Rojas cerr\u00f3 con el agradecimiento al equipo de Vialidad Provincial que trabaj\u00f3 en el proyecto, al Ministerio de Obras y Servicios P\u00fablicos y al gobernador, Carlos Verna, \u201cpor haber escuchado y dado lugar a nuestro pedido\u201d, concluy\u00f3.<br><\/p>\n<div class=\"sharedaddy sd-sharing-enabled\"><div class=\"robots-nocontent sd-block sd-social sd-social-icon sd-sharing\"><h3 class=\"sd-title\">Comparte esto:<\/h3><div class=\"sd-content\"><ul><li class=\"share-twitter\"><a rel=\"nofollow noopener noreferrer\" data-shared=\"sharing-twitter-9561\" class=\"share-twitter sd-button share-icon no-text\" href=\"http:\/\/www.rtvnoticias.com.ar\/?p=9561&amp;share=twitter\" target=\"_blank\" title=\"Haz clic para compartir en Twitter\"><span><\/span><span class=\"sharing-screen-reader-text\">Haz clic para compartir en Twitter (Se abre en una ventana nueva)<\/span><\/a><\/li><li class=\"share-facebook\"><a rel=\"nofollow noopener noreferrer\" data-shared=\"sharing-facebook-9561\" class=\"share-facebook sd-button share-icon no-text\" href=\"http:\/\/www.rtvnoticias.com.ar\/?p=9561&amp;share=facebook\" target=\"_blank\" title=\"Haz clic para compartir en Facebook\"><span><\/span><span class=\"sharing-screen-reader-text\">Haz clic para compartir en Facebook (Se abre en una ventana nueva)<\/span><\/a><\/li><li class=\"share-jetpack-whatsapp\"><a rel=\"nofollow noopener noreferrer\" data-shared=\"\" class=\"share-jetpack-whatsapp sd-button share-icon no-text\" href=\"http:\/\/www.rtvnoticias.com.ar\/?p=9561&amp;share=jetpack-whatsapp\" target=\"_blank\" title=\"Haz clic para compartir en WhatsApp\"><span><\/span><span class=\"sharing-screen-reader-text\">Haz clic para compartir en WhatsApp (Se abre en una ventana nueva)<\/span><\/a><\/li><li class=\"share-telegram\"><a rel=\"nofollow noopener noreferrer\" data-shared=\"\" class=\"share-telegram sd-button share-icon no-text\" href=\"http:\/\/www.rtvnoticias.com.ar\/?p=9561&amp;share=telegram\" target=\"_blank\" title=\"Haz clic para compartir en Telegram\"><span><\/span><span class=\"sharing-screen-reader-text\">Haz clic para compartir en Telegram (Se abre en una ventana nueva)<\/span><\/a><\/li><li class=\"share-end\"><\/li><\/ul><\/div><\/div><\/div>","protected":false},"excerpt":{"rendered":"<p>Se realiz\u00f3 la licitaci\u00f3n p\u00fablica para la obra \u201cVinculaci\u00f3n Acceso a Toay desde Ruta Provincial N\u00ba14 \u2013 Ruta Provincial N\u00ba9\u201d, con un presupuesto oficial de<\/p>\n<div class=\"sharedaddy sd-sharing-enabled\"><div class=\"robots-nocontent sd-block sd-social sd-social-icon sd-sharing\"><h3 class=\"sd-title\">Comparte esto:<\/h3><div class=\"sd-content\"><ul><li class=\"share-twitter\"><a rel=\"nofollow noopener noreferrer\" data-shared=\"sharing-twitter-9561\" class=\"share-twitter sd-button share-icon no-text\" href=\"http:\/\/www.rtvnoticias.com.ar\/?p=9561&amp;share=twitter\" target=\"_blank\" title=\"Haz clic para compartir en Twitter\"><span><\/span><span class=\"sharing-screen-reader-text\">Haz clic para compartir en Twitter (Se abre en una ventana nueva)<\/span><\/a><\/li><li class=\"share-facebook\"><a rel=\"nofollow noopener noreferrer\" data-shared=\"sharing-facebook-9561\" class=\"share-facebook sd-button share-icon no-text\" href=\"http:\/\/www.rtvnoticias.com.ar\/?p=9561&amp;share=facebook\" target=\"_blank\" title=\"Haz clic para compartir en Facebook\"><span><\/span><span class=\"sharing-screen-reader-text\">Haz clic para compartir en Facebook (Se abre en una ventana nueva)<\/span><\/a><\/li><li class=\"share-jetpack-whatsapp\"><a rel=\"nofollow noopener noreferrer\" data-shared=\"\" class=\"share-jetpack-whatsapp sd-button share-icon no-text\" href=\"http:\/\/www.rtvnoticias.com.ar\/?p=9561&amp;share=jetpack-whatsapp\" target=\"_blank\" title=\"Haz clic para compartir en WhatsApp\"><span><\/span><span class=\"sharing-screen-reader-text\">Haz clic para compartir en WhatsApp (Se abre en una ventana nueva)<\/span><\/a><\/li><li class=\"share-telegram\"><a rel=\"nofollow noopener noreferrer\" data-shared=\"\" class=\"share-telegram sd-button share-icon no-text\" href=\"http:\/\/www.rtvnoticias.com.ar\/?p=9561&amp;share=telegram\" target=\"_blank\" title=\"Haz clic para compartir en Telegram\"><span><\/span><span class=\"sharing-screen-reader-text\">Haz clic para compartir en Telegram (Se abre en una ventana nueva)<\/span><\/a><\/li><li class=\"share-end\"><\/li><\/ul><\/div><\/div><\/div>","protected":false},"author":3,"featured_media":0,"comment_status":"closed","ping_status":"closed","sticky":false,"template":"","format":"standard","meta":{"spay_email":"","jetpack_publicize_message":"","jetpack_is_tweetstorm":false,"jetpack_publicize_feature_enabled":true},"categories":[4],"tags":[221],"jetpack_featured_media_url":"","jetpack_publicize_connections":[],"jetpack_sharing_enabled":true,"_links":{"self":[{"href":"http:\/\/www.rtvnoticias.com.ar\/index.php?rest_route=\/wp\/v2\/posts\/9561"}],"collection":[{"href":"http:\/\/www.rtvnoticias.com.ar\/index.php?rest_route=\/wp\/v2\/posts"}],"about":[{"href":"http:\/\/www.rtvnoticias.com.ar\/index.php?rest_route=\/wp\/v2\/types\/post"}],"author":[{"embeddable":true,"href":"http:\/\/www.rtvnoticias.com.ar\/index.php?rest_route=\/wp\/v2\/users\/3"}],"replies":[{"embeddable":true,"href":"http:\/\/www.rtvnoticias.com.ar\/index.php?rest_route=%2Fwp%2Fv2%2Fcomments&post=9561"}],"version-history":[{"count":2,"href":"http:\/\/www.rtvnoticias.com.ar\/index.php?rest_route=\/wp\/v2\/posts\/9561\/revisions"}],"predecessor-version":[{"id":9564,"href":"http:\/\/www.rtvnoticias.com.ar\/index.php?rest_route=\/wp\/v2\/posts\/9561\/revisions\/9564"}],"wp:attachment":[{"href":"http:\/\/www.rtvnoticias.com.ar\/index.php?rest_route=%2Fwp%2Fv2%2Fmedia&parent=9561"}],"wp:term":[{"taxonomy":"category","embeddable":true,"href":"http:\/\/www.rtvnoticias.com.ar\/index.php?rest_route=%2Fwp%2Fv2%2Fcategories&post=9561"},{"taxonomy":"post_tag","embeddable":true,"href":"http:\/\/www.rtvnoticias.com.ar\/index.php?rest_route=%2Fwp%2Fv2%2Ftags&post=9561"}],"curies":[{"name":"wp","href":"https:\/\/api.w.org\/{rel}","templated":true}]}}